{"id":97821,"date":"2026-04-23T00:45:07","date_gmt":"2026-04-23T00:45:07","guid":{"rendered":"https:\/\/mybusinessfuture.com\/omnibus-numerique-de-l-ue-en-trilogues-ce-que-le-sme\/"},"modified":"2026-04-23T00:45:07","modified_gmt":"2026-04-23T00:45:07","slug":"omnibus-numerique-de-l-ue-en-trilogues-ce-que-le-sme","status":"publish","type":"post","link":"https:\/\/mybusinessfuture.com\/fr\/omnibus-numerique-de-l-ue-en-trilogues-ce-que-le-sme\/","title":{"rendered":"Omnibus num\u00e9rique de l&rsquo;UE en trilogues : ce que le SME allemand doit savoir"},"content":{"rendered":"<p style=\"display:inline-block;background:#F21F05;color:#fff;padding:4px 14px;border-radius:20px;font-size:0.85em;margin-bottom:18px;\">7 min de lecture<\/p>\n<p style=\"font-size:0.85em;color:#888;margin:0 0 24px 0;\"><span class=\"article-date\">Mis \u00e0 jour : 22.04.2026<\/span><\/p>\n<p style=\"line-height:1.8;margin-bottom:24px;\"><strong>Le Parlement europ\u00e9en a adopt\u00e9 en avril 2026 sa position de n\u00e9gociation sur le Digital Omnibus, et les discussions en trilogue avec le Conseil et la Commission ont commenc\u00e9 cette semaine. La pr\u00e9sidence chypriote du Conseil vise un accord final d&rsquo;ici mai. Un paquet l\u00e9gislatif est donc en d\u00e9bat, qui devrait all\u00e9ger la charge administrative des PME allemandes de 25 \u00e0 35 %, permettre des \u00e9conomies estim\u00e9es \u00e0 six milliards d\u2019euros d\u2019ici 2029, et repousser les \u00e9ch\u00e9ances de conformit\u00e9 li\u00e9es \u00e0 la r\u00e9glementation europ\u00e9enne sur l\u2019intelligence artificielle. Trois questions d\u00e9termineront si ce paquet soulage r\u00e9ellement l\u2019entreprise ou s\u2019il se contente de d\u00e9placer la bureaucratie.<\/strong><\/p>\n<h2 style=\"margin-top:40px;margin-bottom:8px;padding-top:16px;\">L\u2019essentiel en bref<\/h2>\n<div style=\"background:#fafafa;border-left:4px solid #F21F05;padding:20px 24px;margin:16px 0 32px 0;border-radius:4px;\">\n<ul>\n<li><strong>Position du Parlement adopt\u00e9e :<\/strong> Le Parlement europ\u00e9en a adopt\u00e9 son projet en avril 2026, r\u00e9clamant des d\u00e9lais plus longs pour la r\u00e9glementation sur l\u2019IA et des all\u00e8gements pour les PME (<a href=\"https:\/\/www.datenschutzticker.de\/2026\/04\/digital-omnibus-on-ai-eu-parlament-verabschiedet-position-zu-neuen-fristen-und-entlastungen\/\" target=\"_blank\" rel=\"noopener\">Datenschutzticker, avril 2026<\/a>).<\/li>\n<li><strong>Trilogue depuis avril, conclusion en mai :<\/strong> La Commission, le Conseil et le Parlement n\u00e9gocient d\u00e9sormais les compromis. La pr\u00e9sidence chypriote vise un accord d\u2019ici mai 2026.<\/li>\n<li><strong>6 milliards d\u2019euros d\u2019all\u00e8gement :<\/strong> La Commission estime les \u00e9conomies de charge administrative \u00e0 25 \u00e0 35 % des co\u00fbts actuels de conformit\u00e9 d\u2019ici 2029, soit environ 6 milliards d\u2019euros au total.<\/li>\n<li><strong>Changements cl\u00e9s :<\/strong> Les obligations de marquage num\u00e9rique, les d\u00e9lais de conformit\u00e9 \u00e0 la r\u00e9glementation sur l\u2019IA pour les syst\u00e8mes existants et les rapports au titre du DSA sont r\u00e9ajust\u00e9s. Pour les services informatiques des PME, cela signifie r\u00e9\u00e9chelonner les mises en \u0153uvre d\u00e9j\u00e0 pr\u00e9vues.<\/li>\n<li><strong>Chiffres clairs pour les PME :<\/strong> Les co\u00fbts de conformit\u00e9 au r\u00e8glement europ\u00e9en sur l\u2019IA sont estim\u00e9s \u00e0 jusqu\u2019\u00e0 600 000 euros par entreprise moyenne. Sans les mesures d\u2019all\u00e8gement du Digital Omnibus, les entreprises DACH seraient nettement touch\u00e9es.<\/li>\n<\/ul>\n<\/div>\n<p style=\"font-size:0.88em;color:#666;margin:20px 0 32px 0;border-top:1px solid #e5e5e5;border-bottom:1px solid #e5e5e5;padding:10px 0;\"><span style=\"color:#202528;font-weight:700;text-transform:uppercase;font-size:0.72em;letter-spacing:0.14em;margin-right:14px;\">En lien<\/span><a href=\"https:\/\/mybusinessfuture.com\/eu-ai-act-greift-seit-6-april-2026-was-mittelstands-tech-teams-jetzt-bis-august-klaeren-muessen\/\" style=\"color:#333;text-decoration:underline;\">R\u00e8glement IA europ\u00e9en \u00e0 partir d\u2019ao\u00fbt : ce que les \u00e9quipes tech doivent r\u00e9gler<\/a>&nbsp;&nbsp;<span style=\"color:#ccc;\">\/<\/span>&nbsp;&nbsp;<a href=\"https:\/\/mybusinessfuture.com\/csrd-omnibus-2026-reform-mittelstand-berichtspflicht\/\" style=\"color:#333;text-decoration:underline;\">Omnibus CSRD pour les PME<\/a><\/p>\n<h2 style=\"margin-top:64px;margin-bottom:20px;padding-top:16px;\">Qu&rsquo;est-ce que le Digital Omnibus et qui le porte ?<\/h2>\n<p style=\"line-height:1.8;margin-bottom:20px;\"><strong>Qu&rsquo;est-ce que le Digital Omnibus ?<\/strong> Le Digital Omnibus est un texte l\u00e9gislatif de l&rsquo;UE qui regroupe plusieurs actes juridiques num\u00e9riques afin de r\u00e9duire les charges administratives. Le paquet actuel pr\u00e9voit des modifications du r\u00e8glement sur l&rsquo;IA, du Digital Services Act (DSA), du Data Act et des r\u00e8glements associ\u00e9s. Cette initiative a \u00e9t\u00e9 lanc\u00e9e \u00e0 la suite du rapport Draghi, qui a identifi\u00e9 la densit\u00e9 r\u00e9glementaire europ\u00e9enne comme un frein \u00e0 l&rsquo;innovation. S&rsquo;y ajoute l&rsquo;objectif politique de r\u00e9duire de mani\u00e8re mesurable les contraintes pesant sur la comp\u00e9titivit\u00e9 europ\u00e9enne.<\/p>\n<p style=\"line-height:1.8;margin-bottom:20px;\">Pour les PME allemandes, il ne s&rsquo;agit pas d&rsquo;un d\u00e9bat abstrait bruxellois, mais d&rsquo;un levier tr\u00e8s concret. Les co\u00fbts de conformit\u00e9 li\u00e9s au r\u00e8glement europ\u00e9en sur l&rsquo;IA sont estim\u00e9s \u00e0 jusqu&rsquo;\u00e0 600 000 euros en investissement initial, plus des co\u00fbts r\u00e9currents, pour une PME utilisant des syst\u00e8mes d&rsquo;IA class\u00e9s \u00e0 risque moyen-\u00e9lev\u00e9. Une entreprise exploitant une douzaine de cas d&rsquo;usage d&rsquo;IA \u2013 chatbots, g\u00e9n\u00e9rateurs de contenu ou syst\u00e8mes de recommandation \u2013 peut rapidement atteindre un budget annuel \u00e0 six chiffres rien que pour la documentation, l&rsquo;audit et la gestion des risques. C&rsquo;est pr\u00e9cis\u00e9ment sur ce point que l&rsquo;Omnibus doit agir.<\/p>\n<p style=\"line-height:1.8;margin-bottom:20px;\">Les moteurs de cette initiative sont la Commission dirig\u00e9e par Ursula von der Leyen, la pr\u00e9sidence chypriote du Conseil et une majorit\u00e9 transpartisane au Parlement. Les r\u00e9sistances viennent, comme on pouvait s&rsquo;y attendre, des milieux de la protection des droits num\u00e9riques et des consommateurs, qui voient dans un all\u00e8gement trop important un affaiblissement de l&rsquo;AI Act et du DSA. Le compromis issu du trilogue ne r\u00e9pondra donc pas \u00e0 toutes les demandes des f\u00e9d\u00e9rations \u00e9conomiques, mais des assouplissements substantiels sont incontest\u00e9s.<\/p>\n<div style=\"margin:32px 0;display:flex;flex-wrap:wrap;gap:0;border-radius:12px;overflow:hidden;border:1px solid #e0e0e0;\">\n<div style=\"flex:1.2;min-width:200px;background:#fff5f5;padding:28px 24px;\">\n<div style=\"font-size:0.7em;text-transform:uppercase;letter-spacing:2px;color:#c0392b;margin-bottom:12px;\">All\u00e8gement d&rsquo;ici 2029<\/div>\n<div style=\"font-size:clamp(1.8em,6vw,2.8em);font-weight:800;color:#c0392b;line-height:1;\">6 Mrd. Euro<\/div>\n<div style=\"font-size:0.9em;margin-top:6px;color:#333;line-height:1.4;\">\u00c9conomies cumul\u00e9es estim\u00e9es de bureaucratie pour les entreprises europ\u00e9ennes gr\u00e2ce au Digital Omnibus d&rsquo;ici 2029.<\/div>\n<\/div>\n<div style=\"flex:1;min-width:180px;background:#f8f9fa;padding:28px 24px;border-left:1px solid #e0e0e0;\">\n<div style=\"font-size:0.7em;text-transform:uppercase;letter-spacing:2px;color:#F21F05;margin-bottom:12px;\">Co\u00fbts de conformit\u00e9 PME<\/div>\n<div style=\"font-size:clamp(1.8em,6vw,2.8em);font-weight:800;color:#F21F05;line-height:1;\">600.000 Euro<\/div>\n<div style=\"font-size:0.9em;margin-top:6px;color:#333;line-height:1.4;\">Co\u00fbts initiaux estim\u00e9s de conformit\u00e9 pour une PME sous le r\u00e9gime de l&rsquo;EU AI Act sans all\u00e8gement Omnibus.<\/div>\n<\/div>\n<\/div>\n<p style=\"text-align:center;font-size:0.8em;color:#888;margin-top:4px;\">Source : Commission europ\u00e9enne, Impact Assessment Digital Omnibus, mars 2026<\/p>\n<h2 style=\"margin-top:64px;margin-bottom:20px;padding-top:16px;\">Ce qui doit changer concr\u00e8tement<\/h2>\n<p style=\"line-height:1.8;margin-bottom:20px;\">Les trois ajustements principaux concernent directement les \u00e9quipes tech des PME. Premi\u00e8rement, le r\u00e8glement sur l&rsquo;IA : pour les syst\u00e8mes d&rsquo;IA existants mis en service avant le 2 ao\u00fbt 2026, les obligations li\u00e9es aux risques \u00e9lev\u00e9s s&rsquo;appliqueront de mani\u00e8re \u00e9chelonn\u00e9e dans le temps, plut\u00f4t que toutes \u00e0 la date butoir. Cela donne un peu d&rsquo;air aux \u00e9quipes qui, au printemps 2026, sont encore en pleine classification des risques et documentation. Deuxi\u00e8mement, le reporting DSA : pour les services en ligne en dessous d&rsquo;un certain seuil, les rapports annuels de transparence seront simplifi\u00e9s et harmonis\u00e9s. Troisi\u00e8mement, le watermarking des contenus g\u00e9n\u00e9r\u00e9s par IA : les obligations seront raccourcies et recentr\u00e9es sur des cas d&rsquo;usage clairement identifiables.<\/p>\n<p style=\"line-height:1.8;margin-bottom:20px;\">Pour les PME allemandes, l&rsquo;all\u00e8gement du r\u00e8glement sur l&rsquo;IA est le point le plus important. Une entreprise exploitant un chatbot existant pour le service client, un syst\u00e8me de recommandation dans le e-commerce ou un outil RH bas\u00e9 sur l&rsquo;IA disposait jusqu&rsquo;\u00e0 pr\u00e9sent de trois mois pour se mettre en conformit\u00e9 totale. Avec l&rsquo;Omnibus, ce d\u00e9lai est repouss\u00e9 \u00e0 des \u00e9ch\u00e9ances \u00e9chelonn\u00e9es jusqu&rsquo;en 2027 ou 2028, selon la classe de risque. Ce n&rsquo;est pas un feu vert, mais une planification r\u00e9aliste.<\/p>\n<p style=\"line-height:1.8;margin-bottom:20px;\">Dans le m\u00eame temps, le c\u0153ur dur de l&rsquo;AI Act reste inchang\u00e9. Les syst\u00e8mes \u00e0 haut risque dans des domaines sensibles comme la s\u00e9lection du personnel, l&rsquo;\u00e9valuation de la solvabilit\u00e9 ou la r\u00e9pression p\u00e9nale devront continuer \u00e0 fournir une \u00e9valuation compl\u00e8te de conformit\u00e9, une documentation transparente et un contr\u00f4le humain. Une entreprise exploitant un tel cas d&rsquo;usage et croyant que l&rsquo;Omnibus la dispense de ses obligations interpr\u00e8te mal le texte.<\/p>\n<h2 style=\"margin-top:64px;margin-bottom:20px;padding-top:16px;\">Calendrier jusqu\u2019\u00e0 l\u2019accord<\/h2>\n<div style=\"margin:28px 0;border:1px solid #e5e5e5;border-radius:6px;overflow:hidden;\">\n<div style=\"background:#202528;color:#fff;padding:12px 18px;font-size:0.78em;font-weight:700;text-transform:uppercase;letter-spacing:0.14em;\">Feuille de route num\u00e9rique Omnibus 2026<\/div>\n<div style=\"padding:8px 0;\">\n<div style=\"display:flex;gap:18px;padding:12px 20px;border-bottom:1px solid #f0f0f0;\">\n<div style=\"min-width:130px;font-weight:700;color:#F21F05;\">Avril 2026<\/div>\n<div style=\"color:#333;line-height:1.55;\">Position du Parlement adopt\u00e9e, d\u00e9but des n\u00e9gociations en trilogue avec la Commission et le Conseil sous pr\u00e9sidence chypriote.<\/div>\n<\/div>\n<div style=\"display:flex;gap:18px;padding:12px 20px;border-bottom:1px solid #f0f0f0;\">\n<div style=\"min-width:130px;font-weight:700;color:#F21F05;\">Mai 2026<\/div>\n<div style=\"color:#333;line-height:1.55;\">Accord politique vis\u00e9, les points en suspens concernent le watermarking, les seuils pour les PME et les p\u00e9riodes de transition pour les syst\u00e8mes d\u2019IA existants.<\/div>\n<\/div>\n<div style=\"display:flex;gap:18px;padding:12px 20px;border-bottom:1px solid #f0f0f0;\">\n<div style=\"min-width:130px;font-weight:700;color:#F21F05;\">Juin\/juillet 2026<\/div>\n<div style=\"color:#333;line-height:1.55;\">Travail \u00e9ditorial de finition, publication au Journal officiel, entr\u00e9e en vigueur des premi\u00e8res adaptations.<\/div>\n<\/div>\n<div style=\"display:flex;gap:18px;padding:12px 20px;\">\n<div style=\"min-width:130px;font-weight:700;color:#F21F05;\">Ao\u00fbt 2026<\/div>\n<div style=\"color:#333;line-height:1.55;\">Le r\u00e8glement europ\u00e9en sur l\u2019IA entre en vigueur avec un pouvoir de mise en application, mais avec les nouvelles all\u00e8gements Omnibus, s\u2019ils sont adopt\u00e9s \u00e0 temps.<\/div>\n<\/div>\n<\/div>\n<\/div>\n<p style=\"line-height:1.8;margin-bottom:20px;\">Ce calendrier est ambitieux. Si le trilogue s\u2019\u00e9ternise ou si certains \u00c9tats membres \u00e9mettent encore des r\u00e9serves, l\u2019accord pourrait \u00eatre repouss\u00e9 au second semestre. Pour les \u00e9quipes des PME, cela signifie : ne pas attendre l\u2019Omnibus, mais garder un plan de mise en \u0153uvre flexible.<\/p>\n<h2 style=\"margin-top:64px;margin-bottom:20px;padding-top:16px;\">Trois questions qui doivent \u00eatre abord\u00e9es d\u00e8s maintenant<\/h2>\n<p style=\"line-height:1.8;margin-bottom:20px;\"><strong>Premi\u00e8rement : quels cas d\u2019usage d\u2019IA dans votre entreprise pr\u00e9sentent un risque \u00e9lev\u00e9 ?<\/strong> Si vous ne les avez pas inventori\u00e9s, il y a une lacune \u00e0 combler, ind\u00e9pendamment de l\u2019Omnibus. La classification selon les classes de risque du r\u00e8glement sur l\u2019IA est un travail obligatoire qui ne souffre aucun report, car les obligations li\u00e9es aux risques \u00e9lev\u00e9s subsisteront m\u00eame avec l\u2019Omnibus.<\/p>\n<p style=\"line-height:1.8;margin-bottom:20px;\"><strong>Deuxi\u00e8mement : sur quels all\u00e8gements de l\u2019Omnibus puis-je compter ?<\/strong> Pour les syst\u00e8mes en dessous du seuil de risque \u00e9lev\u00e9 et pour les applications d\u2019IA existantes, les nouveaux d\u00e9lais sont r\u00e9alistes \u00e0 planifier une fois la version finale adopt\u00e9e. Celui qui pr\u00e9pare d\u00e8s aujourd\u2019hui sa documentation n\u2019a rien \u00e0 perdre, car la structure de base sera \u00e9galement exig\u00e9e sous l\u2019Omnibus.<\/p>\n<p style=\"line-height:1.8;margin-bottom:20px;\"><strong>Troisi\u00e8mement : quels co\u00fbts puis-je r\u00e9ellement \u00e9conomiser ?<\/strong> L\u2019estimation de 600 000 euros de la Commission ne s\u2019applique pas \u00e0 toutes les entreprises. Si vous n\u2019avez que deux ou trois cas d\u2019usage \u00e0 risque mod\u00e9r\u00e9, on parle d\u2019un montant \u00e0 cinq chiffres. Si vous en avez dix ou plus et une plateforme ML interne, vous atteignez facilement les six chiffres. Un inventaire honn\u00eate r\u00e9v\u00e8le o\u00f9 se situent les v\u00e9ritables d\u00e9penses.<\/p>\n<h2 style=\"margin-top:64px;margin-bottom:20px;padding-top:16px;\">Ce qui reste pour les PME<\/h2>\n<p style=\"line-height:1.8;margin-bottom:20px;\">L\u2019\u00e9valuation pragmatique du point de vue entrepreneurial : le Digital Omnibus est un pas dans la bonne direction, mais ce n\u2019est pas un ch\u00e8que en blanc. La r\u00e9glementation sur l\u2019IA arrive, et elle sera stricte. L\u2019Omnibus offre un d\u00e9lai, donne de l\u2019air, cr\u00e9e des seuils plus diff\u00e9renci\u00e9s. Il ne remplace pas le travail interne \u00e0 fournir. Celui qui commence d\u00e8s maintenant \u00e0 mettre en place une gouvernance IA rigoureuse, \u00e0 documenter les classes de donn\u00e9es et \u00e0 classifier ses propres cas d\u2019usage en profitera, ind\u00e9pendamment du texte final de l\u2019Omnibus.<\/p>\n<p style=\"line-height:1.8;margin-bottom:20px;\">En revanche, celui qui attend l\u2019Omnibus et reporte sa propre classification \u00e0 l\u2019automne perdra trois \u00e0 quatre mois, qui pourraient devenir tr\u00e8s pr\u00e9cieux sous la pression r\u00e9glementaire. La r\u00e9ponse honn\u00eate \u00e0 donner \u00e0 la direction est la suivante : mettez en place une structure, restez flexibles, ne sp\u00e9culons pas. Celui qui agit maintenant sera du bon c\u00f4t\u00e9 le 2 ao\u00fbt 2026, quel que soit le r\u00e9sultat du trilogue.<\/p>\n<h2 style=\"margin-top:64px;margin-bottom:20px;padding-top:16px;\">Conclusion<\/h2>\n<p style=\"line-height:1.8;margin-bottom:20px;\">Le Digital Omnibus du trilogue d\u2019avril 2026 repr\u00e9sente une v\u00e9ritable opportunit\u00e9 pour les PME allemandes de r\u00e9duire leurs co\u00fbts de conformit\u00e9 \u00e0 une \u00e9chelle significative. Il convient cependant de garder un regard lucide. L\u2019IA \u00e0 haut risque reste strictement r\u00e9gul\u00e9e, et la classification de vos propres syst\u00e8mes est une t\u00e2che incontournable. La mise en \u0153uvre n\u00e9cessite une pr\u00e9paration en amont. Celui qui attend mai pour lire la version finale et ne commence \u00e0 structurer son approche qu\u2019\u00e0 ce moment-l\u00e0 aura perdu l\u2019\u00e9t\u00e9. En revanche, celui qui entame d\u00e8s maintenant l\u2019inventaire disposera d\u2019une marge de man\u0153uvre en ao\u00fbt.<\/p>\n<h2 style=\"padding-top:64px;margin-bottom:20px;\">Questions fr\u00e9quentes<\/h2>\n<details style=\"border:1px solid #e9ecef;border-radius:6px;background:#f8f9fa;margin-bottom:8px;\">\n<summary style=\"padding:14px 18px;cursor:pointer;font-weight:600;\"><strong>Le Digital Omnibus est-il d\u00e9j\u00e0 adopt\u00e9 ?<\/strong><\/summary>\n<p style=\"padding:14px 20px 18px;color:#495057;line-height:1.7;\">Pas encore d\u00e9finitivement. Le Parlement a adopt\u00e9 sa position en avril 2026, les n\u00e9gociations en trilogue avec la Commission et le Conseil sont en cours, et un accord est vis\u00e9 pour mai 2026. Le texte officiel peut encore \u00e9voluer lors des ajustements finaux.<\/p>\n<\/details>\n<details style=\"border:1px solid #e9ecef;border-radius:6px;background:#f8f9fa;margin-bottom:8px;\">\n<summary style=\"padding:14px 18px;cursor:pointer;font-weight:600;\"><strong>L\u2019Omnibus concerne-t-il aussi les petites entreprises sans utilisation d\u2019IA ?<\/strong><\/summary>\n<p style=\"padding:14px 20px 18px;color:#495057;line-height:1.7;\">Directement, presque pas. Les entreprises qui n\u2019exploitent ni syst\u00e8mes d\u2019IA ni plateforme en ligne significative ne sont pas concern\u00e9es par les volets AI Act ou DSA de l\u2019Omnibus. En revanche, des adaptations li\u00e9es au Data Act et \u00e0 d\u2019autres r\u00e9glementations pourraient tout de m\u00eame avoir un impact indirect.<\/p>\n<\/details>\n<details style=\"border:1px solid #e9ecef;border-radius:6px;background:#f8f9fa;margin-bottom:8px;\">\n<summary style=\"padding:14px 18px;cursor:pointer;font-weight:600;\"><strong>Faut-il attendre ou continuer \u00e0 travailler sur le projet de conformit\u00e9 AI Act ?<\/strong><\/summary>\n<p style=\"padding:14px 20px 18px;color:#495057;line-height:1.7;\">Continuez \u00e0 travailler. La classification de vos cas d\u2019usage d\u2019IA, l\u2019inventaire des flux de donn\u00e9es et la mise en place d\u2019une structure de gouvernance restent des obligations ind\u00e9pendantes de l\u2019Omnibus. Seuls les d\u00e9lais finaux pour une mise en conformit\u00e9 compl\u00e8te pourraient \u00eatre modifi\u00e9s.<\/p>\n<\/details>\n<details style=\"border:1px solid #e9ecef;border-radius:6px;background:#f8f9fa;margin-bottom:8px;\">\n<summary style=\"padding:14px 18px;cursor:pointer;font-weight:600;\"><strong>L\u2019Omnibus modifie-t-il la classification des syst\u00e8mes \u00e0 haut risque ?<\/strong><\/summary>\n<p style=\"padding:14px 20px 18px;color:#495057;line-height:1.7;\">Le c\u0153ur de la classification des risques reste inchang\u00e9. Les modifications portent principalement sur les p\u00e9riodes de transition pour les syst\u00e8mes existants et sur la mise en \u0153uvre des obligations de watermarking et de transparence. Les cat\u00e9gories \u00e0 haut risque, comme la s\u00e9lection du personnel ou l\u2019\u00e9valuation de la solvabilit\u00e9, restent pleinement r\u00e9gul\u00e9es.<\/p>\n<\/details>\n<details style=\"border:1px solid #e9ecef;border-radius:6px;background:#f8f9fa;margin-bottom:8px;\">\n<summary style=\"padding:14px 18px;cursor:pointer;font-weight:600;\"><strong>Comment rester inform\u00e9 sans lire chaque texte bruxellois ?<\/strong><\/summary>\n<p style=\"padding:14px 20px 18px;color:#495057;line-height:1.7;\">Bitkom, BDI et DIHK publient des mises \u00e0 jour sur les trilogues, la direction g\u00e9n\u00e9rale Connect de la Commission informe directement, et les cabinets d\u2019avocats sp\u00e9cialis\u00e9s avec une pr\u00e9sence \u00e0 Bruxelles proposent des briefings pour leurs clients. Deux ou trois sources fiables suffisent pour suivre l\u2019\u00e9tat des n\u00e9gociations.<\/p>\n<\/details>\n<div style=\"margin:40px 0;padding:0;border-top:2px solid #202528;\">\n<p style=\"margin:0;padding:16px 0 8px 0;font-size:0.78em;font-weight:700;text-transform:uppercase;letter-spacing:0.18em;color:#202528;\">Lectures recommand\u00e9es<\/p>\n<ul style=\"list-style:none;margin:0;padding:0;\">\n<li style=\"padding:10px 0;border-bottom:1px solid #eee;\"><a href=\"https:\/\/mybusinessfuture.com\/eu-ai-act-greift-seit-6-april-2026-was-mittelstands-tech-teams-jetzt-bis-august-klaeren-muessen\/\" style=\"color:#1a1a1a;text-decoration:none;\">AI Act de l\u2019UE \u00e0 partir d\u2019ao\u00fbt : ce que les \u00e9quipes tech des PME doivent clarifier<\/a><\/li>\n<li style=\"padding:10px 0;border-bottom:1px solid #eee;\"><a href=\"https:\/\/www.digital-chiefs.de\/pilot-produktion-drei-fragen-cio-genai-rollout-2026\/\" style=\"color:#1a1a1a;text-decoration:none;\">Du pilote \u00e0 la production : trois questions pour les DSI avant le d\u00e9ploiement de la GenAI<\/a><\/li>\n<li style=\"padding:10px 0;\"><a href=\"https:\/\/www.cloudmagazin.com\/2026\/04\/22\/aws-bedrock-anthropic-api-self-hosted-ki-inference-dach-2026\/\" style=\"color:#1a1a1a;text-decoration:none;\">Architecture d\u2019inf\u00e9rence KI pour la r\u00e9gion DACH en 2026<\/a><\/li>\n<\/ul>\n<\/div>\n<p style=\"text-align:right;font-style:italic;color:#888;font-size:0.85em;\">Source de l\u2019image \u00e0 la une : Pexels \/ Petrit Nikolli (px:22046935)<\/p>\n","protected":false},"excerpt":{"rendered":"<p>Position du Parlement adopt\u00e9e, trilogue en cours. 6 milliards d&rsquo;euros d&rsquo;all\u00e8gement et nouveaux d\u00e9lais pour la loi sur l&rsquo;IA concernant les PME. Ce qui est important jusqu&rsquo;en mai.<\/p>\n","protected":false},"author":205,"featured_media":97583,"comment_status":"closed","ping_status":"closed","sticky":false,"template":"","format":"standard","meta":{"_acf_changed":false,"_yoast_wpseo_focuskw":"Digital Omnibus Mittelstand 2026","_yoast_wpseo_title":"","_yoast_wpseo_metadesc":"Parlement adopte la position sur le Digital Omnibus, trilogues en cours : 6 Mds\u20ac d'all\u00e8gements, nouvelles \u00e9ch\u00e9ances IA pour les PME. Ce qu'il faut faire maintenant.","_yoast_wpseo_meta-robots-noindex":"","_yoast_wpseo_meta-robots-nofollow":"","_yoast_wpseo_meta-robots-adv":"","_yoast_wpseo_canonical":"","_yoast_wpseo_opengraph-title":"","_yoast_wpseo_opengraph-description":"","_yoast_wpseo_opengraph-image":"","_yoast_wpseo_opengraph-image-id":"","_yoast_wpseo_twitter-title":"","_yoast_wpseo_twitter-description":"","_yoast_wpseo_twitter-image":"","_yoast_wpseo_twitter-image-id":"","featured_post_sortierung":0,"featured_post":0,"pre_headline":"","bildquelle":"","teasertext":"","language":"de","footnotes":""},"categories":[1280],"tags":[],"class_list":["post-97821","post","type-post","status-publish","format-standard","has-post-thumbnail","hentry","category-it-tech","entry"],"wpml_language":"fr","wpml_translation_of":97584,"acf":[],"yoast_head":"<!-- This site is optimized with the Yoast SEO plugin v26.9 - https:\/\/yoast.com\/product\/yoast-seo-wordpress\/ -->\n<title>Omnibus num\u00e9rique de l&#039;UE en trilogues : ce que le SME allemand doit savoir - MyBusinessFuture<\/title>\n<meta name=\"description\" content=\"Parlement adopte la position sur le Digital Omnibus, trilogues en cours : 6 Mds\u20ac d&#039;all\u00e8gements, nouvelles \u00e9ch\u00e9ances IA pour les PME. Ce qu&#039;il faut faire maintenant.\" \/>\n<meta name=\"robots\" content=\"index, follow, max-snippet:-1, max-image-preview:large, max-video-preview:-1\" \/>\n<link rel=\"canonical\" href=\"https:\/\/mybusinessfuture.com\/fr\/omnibus-numerique-de-l-ue-en-trilogues-ce-que-le-sme\/\" \/>\n<meta property=\"og:locale\" content=\"fr_FR\" \/>\n<meta property=\"og:type\" content=\"article\" \/>\n<meta property=\"og:title\" content=\"Omnibus num\u00e9rique de l&#039;UE en trilogues : ce que le SME allemand doit savoir - MyBusinessFuture\" \/>\n<meta property=\"og:description\" content=\"Parlement adopte la position sur le Digital Omnibus, trilogues en cours : 6 Mds\u20ac d&#039;all\u00e8gements, nouvelles \u00e9ch\u00e9ances IA pour les PME. Ce qu&#039;il faut faire maintenant.\" \/>\n<meta property=\"og:url\" content=\"https:\/\/mybusinessfuture.com\/fr\/omnibus-numerique-de-l-ue-en-trilogues-ce-que-le-sme\/\" \/>\n<meta property=\"og:site_name\" content=\"MyBusinessFuture\" \/>\n<meta property=\"article:publisher\" content=\"https:\/\/www.facebook.com\/MyBusinessFuture\" \/>\n<meta property=\"article:published_time\" content=\"2026-04-23T00:45:07+00:00\" \/>\n<meta property=\"og:image\" content=\"https:\/\/mybusinessfuture.com\/wp-content\/uploads\/2026\/04\/cover-digital-omnibus-scaled.jpg\" \/>\n\t<meta property=\"og:image:width\" content=\"2560\" \/>\n\t<meta property=\"og:image:height\" content=\"1920\" \/>\n\t<meta property=\"og:image:type\" content=\"image\/jpeg\" \/>\n<meta name=\"author\" content=\"Tobias Massow\" \/>\n<meta name=\"twitter:card\" content=\"summary_large_image\" \/>\n<meta name=\"twitter:creator\" content=\"@mbusinessfuture\" \/>\n<meta name=\"twitter:site\" content=\"@mbusinessfuture\" \/>\n<meta name=\"twitter:label1\" content=\"\u00c9crit par\" \/>\n\t<meta name=\"twitter:data1\" content=\"Tobias Massow\" \/>\n\t<meta name=\"twitter:label2\" content=\"Dur\u00e9e de lecture estim\u00e9e\" \/>\n\t<meta name=\"twitter:data2\" content=\"10 minutes\" \/>\n<script type=\"application\/ld+json\" class=\"yoast-schema-graph\">{\"@context\":\"https:\/\/schema.org\",\"@graph\":[{\"@type\":\"NewsArticle\",\"@id\":\"https:\/\/mybusinessfuture.com\/omnibus-numerique-de-l-ue-en-trilogues-ce-que-le-sme\/#article\",\"isPartOf\":{\"@id\":\"https:\/\/mybusinessfuture.com\/omnibus-numerique-de-l-ue-en-trilogues-ce-que-le-sme\/\"},\"author\":{\"name\":\"Tobias Massow\",\"@id\":\"https:\/\/mybusinessfuture.com\/#\/schema\/person\/5a5f67d388de091844cc887ac56f3760\"},\"headline\":\"Omnibus num\u00e9rique de l&rsquo;UE en trilogues : ce que le SME allemand doit savoir\",\"datePublished\":\"2026-04-23T00:45:07+00:00\",\"mainEntityOfPage\":{\"@id\":\"https:\/\/mybusinessfuture.com\/omnibus-numerique-de-l-ue-en-trilogues-ce-que-le-sme\/\"},\"wordCount\":2113,\"publisher\":{\"@id\":\"https:\/\/mybusinessfuture.com\/#organization\"},\"image\":{\"@id\":\"https:\/\/mybusinessfuture.com\/omnibus-numerique-de-l-ue-en-trilogues-ce-que-le-sme\/#primaryimage\"},\"thumbnailUrl\":\"https:\/\/mybusinessfuture.com\/wp-content\/uploads\/2026\/04\/cover-digital-omnibus-scaled.jpg\",\"articleSection\":[\"IT &amp; Tech\"],\"inLanguage\":\"fr-FR\"},{\"@type\":\"WebPage\",\"@id\":\"https:\/\/mybusinessfuture.com\/omnibus-numerique-de-l-ue-en-trilogues-ce-que-le-sme\/\",\"url\":\"https:\/\/mybusinessfuture.com\/omnibus-numerique-de-l-ue-en-trilogues-ce-que-le-sme\/\",\"name\":\"Omnibus num\u00e9rique de l'UE en trilogues : ce que le SME allemand doit savoir - MyBusinessFuture\",\"isPartOf\":{\"@id\":\"https:\/\/mybusinessfuture.com\/#website\"},\"primaryImageOfPage\":{\"@id\":\"https:\/\/mybusinessfuture.com\/omnibus-numerique-de-l-ue-en-trilogues-ce-que-le-sme\/#primaryimage\"},\"image\":{\"@id\":\"https:\/\/mybusinessfuture.com\/omnibus-numerique-de-l-ue-en-trilogues-ce-que-le-sme\/#primaryimage\"},\"thumbnailUrl\":\"https:\/\/mybusinessfuture.com\/wp-content\/uploads\/2026\/04\/cover-digital-omnibus-scaled.jpg\",\"datePublished\":\"2026-04-23T00:45:07+00:00\",\"description\":\"Parlement adopte la position sur le Digital Omnibus, trilogues en cours : 6 Mds\u20ac d'all\u00e8gements, nouvelles \u00e9ch\u00e9ances IA pour les PME. Ce qu'il faut faire maintenant.\",\"breadcrumb\":{\"@id\":\"https:\/\/mybusinessfuture.com\/omnibus-numerique-de-l-ue-en-trilogues-ce-que-le-sme\/#breadcrumb\"},\"inLanguage\":\"fr-FR\",\"potentialAction\":[{\"@type\":\"ReadAction\",\"target\":[\"https:\/\/mybusinessfuture.com\/omnibus-numerique-de-l-ue-en-trilogues-ce-que-le-sme\/\"]}]},{\"@type\":\"ImageObject\",\"inLanguage\":\"fr-FR\",\"@id\":\"https:\/\/mybusinessfuture.com\/omnibus-numerique-de-l-ue-en-trilogues-ce-que-le-sme\/#primaryimage\",\"url\":\"https:\/\/mybusinessfuture.com\/wp-content\/uploads\/2026\/04\/cover-digital-omnibus-scaled.jpg\",\"contentUrl\":\"https:\/\/mybusinessfuture.com\/wp-content\/uploads\/2026\/04\/cover-digital-omnibus-scaled.jpg\",\"width\":2560,\"height\":1920,\"caption\":\"Quelle Titelbild: Pexels \/ Petrit Nikolli (px:22046935)\"},{\"@type\":\"BreadcrumbList\",\"@id\":\"https:\/\/mybusinessfuture.com\/omnibus-numerique-de-l-ue-en-trilogues-ce-que-le-sme\/#breadcrumb\",\"itemListElement\":[{\"@type\":\"ListItem\",\"position\":1,\"name\":\"Startseite\",\"item\":\"https:\/\/mybusinessfuture.com\/\"},{\"@type\":\"ListItem\",\"position\":2,\"name\":\"Omnibus num\u00e9rique de l&#8217;UE en trilogues : ce que le SME allemand doit savoir\"}]},{\"@type\":\"WebSite\",\"@id\":\"https:\/\/mybusinessfuture.com\/#website\",\"url\":\"https:\/\/mybusinessfuture.com\/\",\"name\":\"MyBusinessFuture\",\"description\":\"B2B-Magazin f\u00fcr Digitalisierung, KI und Business-Innovation \u2014 Fachartikel f\u00fcr IT-Entscheider im DACH-Raum\",\"publisher\":{\"@id\":\"https:\/\/mybusinessfuture.com\/#organization\"},\"potentialAction\":[{\"@type\":\"SearchAction\",\"target\":{\"@type\":\"EntryPoint\",\"urlTemplate\":\"https:\/\/mybusinessfuture.com\/?s={search_term_string}\"},\"query-input\":{\"@type\":\"PropertyValueSpecification\",\"valueRequired\":true,\"valueName\":\"search_term_string\"}}],\"inLanguage\":\"fr-FR\"},{\"@type\":\"Organization\",\"@id\":\"https:\/\/mybusinessfuture.com\/#organization\",\"name\":\"MyBusinessFuture\",\"url\":\"https:\/\/mybusinessfuture.com\/\",\"logo\":{\"@type\":\"ImageObject\",\"inLanguage\":\"fr-FR\",\"@id\":\"https:\/\/mybusinessfuture.com\/#\/schema\/logo\/image\/\",\"url\":\"https:\/\/mybusinessfuture.com\/wp-content\/uploads\/2020\/10\/MBF-logo-schwarz.png\",\"contentUrl\":\"https:\/\/mybusinessfuture.com\/wp-content\/uploads\/2020\/10\/MBF-logo-schwarz.png\",\"width\":398,\"height\":241,\"caption\":\"MyBusinessFuture\"},\"image\":{\"@id\":\"https:\/\/mybusinessfuture.com\/#\/schema\/logo\/image\/\"},\"sameAs\":[\"https:\/\/www.facebook.com\/MyBusinessFuture\",\"https:\/\/x.com\/mbusinessfuture\",\"https:\/\/www.linkedin.com\/showcase\/mybusinessfuture\/\"]},{\"@type\":\"Person\",\"@id\":\"https:\/\/mybusinessfuture.com\/#\/schema\/person\/5a5f67d388de091844cc887ac56f3760\",\"name\":\"Tobias Massow\",\"description\":\"Tobias Massow ist Gesch\u00e4ftsf\u00fchrer der Evernine Media GmbH und Herausgeber von MyBusinessFuture. Er verantwortet die strategische Ausrichtung des Magazins und des gesamten MBF Media Netzwerks mit vier B2B-Fachmagazinen f\u00fcr IT-Entscheider im deutschsprachigen Raum.\",\"sameAs\":[\"https:\/\/www.linkedin.com\/in\/tobias-massow\/\"],\"url\":\"https:\/\/mybusinessfuture.com\/fr\/experte\/tobias-evm\/\"}]}<\/script>\n<!-- \/ Yoast SEO plugin. -->","yoast_head_json":{"title":"Omnibus num\u00e9rique de l'UE en trilogues : ce que le SME allemand doit savoir - MyBusinessFuture","description":"Parlement adopte la position sur le Digital Omnibus, trilogues en cours : 6 Mds\u20ac d'all\u00e8gements, nouvelles \u00e9ch\u00e9ances IA pour les PME. Ce qu'il faut faire maintenant.","robots":{"index":"index","follow":"follow","max-snippet":"max-snippet:-1","max-image-preview":"max-image-preview:large","max-video-preview":"max-video-preview:-1"},"canonical":"https:\/\/mybusinessfuture.com\/fr\/omnibus-numerique-de-l-ue-en-trilogues-ce-que-le-sme\/","og_locale":"fr_FR","og_type":"article","og_title":"Omnibus num\u00e9rique de l'UE en trilogues : ce que le SME allemand doit savoir - MyBusinessFuture","og_description":"Parlement adopte la position sur le Digital Omnibus, trilogues en cours : 6 Mds\u20ac d'all\u00e8gements, nouvelles \u00e9ch\u00e9ances IA pour les PME. Ce qu'il faut faire maintenant.","og_url":"https:\/\/mybusinessfuture.com\/fr\/omnibus-numerique-de-l-ue-en-trilogues-ce-que-le-sme\/","og_site_name":"MyBusinessFuture","article_publisher":"https:\/\/www.facebook.com\/MyBusinessFuture","article_published_time":"2026-04-23T00:45:07+00:00","og_image":[{"width":2560,"height":1920,"url":"https:\/\/mybusinessfuture.com\/wp-content\/uploads\/2026\/04\/cover-digital-omnibus-scaled.jpg","type":"image\/jpeg"}],"author":"Tobias Massow","twitter_card":"summary_large_image","twitter_creator":"@mbusinessfuture","twitter_site":"@mbusinessfuture","twitter_misc":{"\u00c9crit par":"Tobias Massow","Dur\u00e9e de lecture estim\u00e9e":"10 minutes"},"schema":{"@context":"https:\/\/schema.org","@graph":[{"@type":"NewsArticle","@id":"https:\/\/mybusinessfuture.com\/omnibus-numerique-de-l-ue-en-trilogues-ce-que-le-sme\/#article","isPartOf":{"@id":"https:\/\/mybusinessfuture.com\/omnibus-numerique-de-l-ue-en-trilogues-ce-que-le-sme\/"},"author":{"name":"Tobias Massow","@id":"https:\/\/mybusinessfuture.com\/#\/schema\/person\/5a5f67d388de091844cc887ac56f3760"},"headline":"Omnibus num\u00e9rique de l&rsquo;UE en trilogues : ce que le SME allemand doit savoir","datePublished":"2026-04-23T00:45:07+00:00","mainEntityOfPage":{"@id":"https:\/\/mybusinessfuture.com\/omnibus-numerique-de-l-ue-en-trilogues-ce-que-le-sme\/"},"wordCount":2113,"publisher":{"@id":"https:\/\/mybusinessfuture.com\/#organization"},"image":{"@id":"https:\/\/mybusinessfuture.com\/omnibus-numerique-de-l-ue-en-trilogues-ce-que-le-sme\/#primaryimage"},"thumbnailUrl":"https:\/\/mybusinessfuture.com\/wp-content\/uploads\/2026\/04\/cover-digital-omnibus-scaled.jpg","articleSection":["IT &amp; Tech"],"inLanguage":"fr-FR"},{"@type":"WebPage","@id":"https:\/\/mybusinessfuture.com\/omnibus-numerique-de-l-ue-en-trilogues-ce-que-le-sme\/","url":"https:\/\/mybusinessfuture.com\/omnibus-numerique-de-l-ue-en-trilogues-ce-que-le-sme\/","name":"Omnibus num\u00e9rique de l'UE en trilogues : ce que le SME allemand doit savoir - MyBusinessFuture","isPartOf":{"@id":"https:\/\/mybusinessfuture.com\/#website"},"primaryImageOfPage":{"@id":"https:\/\/mybusinessfuture.com\/omnibus-numerique-de-l-ue-en-trilogues-ce-que-le-sme\/#primaryimage"},"image":{"@id":"https:\/\/mybusinessfuture.com\/omnibus-numerique-de-l-ue-en-trilogues-ce-que-le-sme\/#primaryimage"},"thumbnailUrl":"https:\/\/mybusinessfuture.com\/wp-content\/uploads\/2026\/04\/cover-digital-omnibus-scaled.jpg","datePublished":"2026-04-23T00:45:07+00:00","description":"Parlement adopte la position sur le Digital Omnibus, trilogues en cours : 6 Mds\u20ac d'all\u00e8gements, nouvelles \u00e9ch\u00e9ances IA pour les PME. Ce qu'il faut faire maintenant.","breadcrumb":{"@id":"https:\/\/mybusinessfuture.com\/omnibus-numerique-de-l-ue-en-trilogues-ce-que-le-sme\/#breadcrumb"},"inLanguage":"fr-FR","potentialAction":[{"@type":"ReadAction","target":["https:\/\/mybusinessfuture.com\/omnibus-numerique-de-l-ue-en-trilogues-ce-que-le-sme\/"]}]},{"@type":"ImageObject","inLanguage":"fr-FR","@id":"https:\/\/mybusinessfuture.com\/omnibus-numerique-de-l-ue-en-trilogues-ce-que-le-sme\/#primaryimage","url":"https:\/\/mybusinessfuture.com\/wp-content\/uploads\/2026\/04\/cover-digital-omnibus-scaled.jpg","contentUrl":"https:\/\/mybusinessfuture.com\/wp-content\/uploads\/2026\/04\/cover-digital-omnibus-scaled.jpg","width":2560,"height":1920,"caption":"Quelle Titelbild: Pexels \/ Petrit Nikolli (px:22046935)"},{"@type":"BreadcrumbList","@id":"https:\/\/mybusinessfuture.com\/omnibus-numerique-de-l-ue-en-trilogues-ce-que-le-sme\/#breadcrumb","itemListElement":[{"@type":"ListItem","position":1,"name":"Startseite","item":"https:\/\/mybusinessfuture.com\/"},{"@type":"ListItem","position":2,"name":"Omnibus num\u00e9rique de l&#8217;UE en trilogues : ce que le SME allemand doit savoir"}]},{"@type":"WebSite","@id":"https:\/\/mybusinessfuture.com\/#website","url":"https:\/\/mybusinessfuture.com\/","name":"MyBusinessFuture","description":"B2B-Magazin f\u00fcr Digitalisierung, KI und Business-Innovation \u2014 Fachartikel f\u00fcr IT-Entscheider im DACH-Raum","publisher":{"@id":"https:\/\/mybusinessfuture.com\/#organization"},"potentialAction":[{"@type":"SearchAction","target":{"@type":"EntryPoint","urlTemplate":"https:\/\/mybusinessfuture.com\/?s={search_term_string}"},"query-input":{"@type":"PropertyValueSpecification","valueRequired":true,"valueName":"search_term_string"}}],"inLanguage":"fr-FR"},{"@type":"Organization","@id":"https:\/\/mybusinessfuture.com\/#organization","name":"MyBusinessFuture","url":"https:\/\/mybusinessfuture.com\/","logo":{"@type":"ImageObject","inLanguage":"fr-FR","@id":"https:\/\/mybusinessfuture.com\/#\/schema\/logo\/image\/","url":"https:\/\/mybusinessfuture.com\/wp-content\/uploads\/2020\/10\/MBF-logo-schwarz.png","contentUrl":"https:\/\/mybusinessfuture.com\/wp-content\/uploads\/2020\/10\/MBF-logo-schwarz.png","width":398,"height":241,"caption":"MyBusinessFuture"},"image":{"@id":"https:\/\/mybusinessfuture.com\/#\/schema\/logo\/image\/"},"sameAs":["https:\/\/www.facebook.com\/MyBusinessFuture","https:\/\/x.com\/mbusinessfuture","https:\/\/www.linkedin.com\/showcase\/mybusinessfuture\/"]},{"@type":"Person","@id":"https:\/\/mybusinessfuture.com\/#\/schema\/person\/5a5f67d388de091844cc887ac56f3760","name":"Tobias Massow","description":"Tobias Massow ist Gesch\u00e4ftsf\u00fchrer der Evernine Media GmbH und Herausgeber von MyBusinessFuture. Er verantwortet die strategische Ausrichtung des Magazins und des gesamten MBF Media Netzwerks mit vier B2B-Fachmagazinen f\u00fcr IT-Entscheider im deutschsprachigen Raum.","sameAs":["https:\/\/www.linkedin.com\/in\/tobias-massow\/"],"url":"https:\/\/mybusinessfuture.com\/fr\/experte\/tobias-evm\/"}]}},"_links":{"self":[{"href":"https:\/\/mybusinessfuture.com\/fr\/wp-json\/wp\/v2\/posts\/97821","targetHints":{"allow":["GET"]}}],"collection":[{"href":"https:\/\/mybusinessfuture.com\/fr\/wp-json\/wp\/v2\/posts"}],"about":[{"href":"https:\/\/mybusinessfuture.com\/fr\/wp-json\/wp\/v2\/types\/post"}],"author":[{"embeddable":true,"href":"https:\/\/mybusinessfuture.com\/fr\/wp-json\/wp\/v2\/users\/205"}],"replies":[{"embeddable":true,"href":"https:\/\/mybusinessfuture.com\/fr\/wp-json\/wp\/v2\/comments?post=97821"}],"version-history":[{"count":0,"href":"https:\/\/mybusinessfuture.com\/fr\/wp-json\/wp\/v2\/posts\/97821\/revisions"}],"wp:featuredmedia":[{"embeddable":true,"href":"https:\/\/mybusinessfuture.com\/fr\/wp-json\/wp\/v2\/media\/97583"}],"wp:attachment":[{"href":"https:\/\/mybusinessfuture.com\/fr\/wp-json\/wp\/v2\/media?parent=97821"}],"wp:term":[{"taxonomy":"category","embeddable":true,"href":"https:\/\/mybusinessfuture.com\/fr\/wp-json\/wp\/v2\/categories?post=97821"},{"taxonomy":"post_tag","embeddable":true,"href":"https:\/\/mybusinessfuture.com\/fr\/wp-json\/wp\/v2\/tags?post=97821"}],"curies":[{"name":"wp","href":"https:\/\/api.w.org\/{rel}","templated":true}]}}