{"id":94407,"date":"2026-04-03T17:08:09","date_gmt":"2026-04-03T17:08:09","guid":{"rendered":"https:\/\/mybusinessfuture.com\/facture-electronique-9-mois-avant-lobligation-denvoi-ou-en-est-le-milieu-des-ent\/"},"modified":"2026-04-05T06:31:10","modified_gmt":"2026-04-05T06:31:10","slug":"facture-electronique-9-mois-avant-lobligation-denvoi-ou-en-est-le-milieu-des-ent","status":"publish","type":"post","link":"https:\/\/mybusinessfuture.com\/fr\/facture-electronique-9-mois-avant-lobligation-denvoi-ou-en-est-le-milieu-des-ent\/","title":{"rendered":"Facture \u00e9lectronique : 9 mois avant l\u2019obligation d\u2019envoi &#8211; O\u00f9 en est le milieu des entreprises ?"},"content":{"rendered":"<p style=\"display:inline-block;background:#F21F05;color:#fff;padding:4px 14px;border-radius:20px;font-size:0.85em;margin-bottom:18px;\">4 min de lecture<\/p>\n<p style=\"line-height:1.8;margin-bottom:20px;\"><strong>Dans neuf mois, l&rsquo;obligation de facture \u00e9lectronique devient effective pour le milieu des entreprises. \u00c0 compter de janvier 2027, les entreprises r\u00e9alisant un chiffre d&rsquo;affaires annuel sup\u00e9rieur \u00e0 800 000 euros devront \u00e9mettre des factures \u00e9lectroniques structur\u00e9es. Selon Bitkom, fin 2024, moins d&rsquo;une entreprise sur deux \u00e9tait capable de recevoir des factures \u00e9lectroniques structur\u00e9es. Celui qui n&rsquo;entame pas activement cette transition d\u00e8s maintenant s&rsquo;expose \u00e0 une amende de 5 000 euros par facture non conforme.<\/strong><\/p>\n<h2 style=\"padding-top:64px;margin-bottom:20px;\">L&rsquo;essentiel en bref<\/h2>\n<div style=\"background:#fafafa;border-left:4px solid #F21F05;padding:20px 24px;margin:32px 0;border-radius:0 8px 8px 0\">\n<ul style=\"line-height:1.8;\">\n<li>\u00c0 compter de janvier 2027, les entreprises dont le chiffre d&rsquo;affaires d\u00e9passe 800 000 euros devront \u00e9mettre leurs factures B2B sous forme de factures \u00e9lectroniques structur\u00e9es (loi sur les chances de croissance).<\/li>\n<li>\u00c0 compter de janvier 2028, l&rsquo;obligation d&rsquo;envoi s&rsquo;appliquera \u00e0 toutes les entreprises, ind\u00e9pendamment de leur chiffre d&rsquo;affaires.<\/li>\n<li>Formats autoris\u00e9s : XRechnung (XML) ou ZUGFeRD 2.0.1+ (PDF hybride avec XML int\u00e9gr\u00e9). Les deux formats doivent respecter la norme europ\u00e9enne EN 16931.<\/li>\n<li>Selon la Commission europ\u00e9enne, les factures \u00e9lectroniques permettent de r\u00e9duire les co\u00fbts de traitement des factures de 55 \u00e0 72 %.<\/li>\n<\/ul>\n<\/div>\n<h2 style=\"padding-top:64px;margin-bottom:20px;\">Ce qui change<\/h2>\n<p style=\"line-height:1.8;margin-bottom:20px;\">La loi sur les chances de croissance a d\u00e9fini l&rsquo;obligation de facture \u00e9lectronique B2B en trois \u00e9tapes. Depuis janvier 2025, toutes les entreprises doivent \u00eatre capables de recevoir des factures \u00e9lectroniques structur\u00e9es. Il s&rsquo;agit d&rsquo;une obligation &#8211; et non d&rsquo;une simple option. \u00c0 compter de janvier 2027, les entreprises dont le chiffre d&rsquo;affaires annuel d\u00e9passe 800 000 euros devront \u00e9galement \u00e9mettre activement des factures \u00e9lectroniques. \u00c0 compter de janvier 2028, cette obligation d&rsquo;envoi s&rsquo;appliquera \u00e0 toutes les entreprises.<\/p>\n<p style=\"line-height:1.8;margin-bottom:20px;\">Une \u00ab facture \u00e9lectronique \u00bb au sens de la loi n&rsquo;est pas une facture au format PDF envoy\u00e9e par e-mail. Il s&rsquo;agit obligatoirement d&rsquo;un format XML lisible par machine, conforme \u00e0 la norme europ\u00e9enne EN 16931. En Allemagne, deux formats sont autoris\u00e9s : XRechnung (XML pur) ou ZUGFeRD \u00e0 partir de la version 2.0.1 (PDF contenant un XML int\u00e9gr\u00e9). Une facture au format PDF jointe \u00e0 un e-mail ne remplit pas ces exigences.<\/p>\n<div class=\"evm-stat evm-stat-row\" style=\"display:flex;gap:16px;margin:32px 0;\">\n<div style=\"flex:1;text-align:center;background:#fff5f5;border-radius:8px;padding:20px 12px;border-top:3px solid #F21F05;\">\n<div style=\"font-size:clamp(1.5em,5vw,2.4em);font-weight:700;color:#c0392b;\">9 mois<\/div>\n<div style=\"font-size:12px;color:#888;margin-top:4px;\">avant l&rsquo;obligation d&rsquo;envoi (> 800 000 euros de chiffre d&rsquo;affaires)<\/div><\/div>\n<div style=\"flex:1;text-align:center;background:#fff5f5;border-radius:8px;padding:20px 12px;border-top:3px solid #F21F05;\">\n<div style=\"font-size:clamp(1.5em,5vw,2.4em);font-weight:700;color:#c0392b;\">5 000 EUR<\/div>\n<div style=\"font-size:12px;color:#888;margin-top:4px;\">Amende par facture non conforme<\/div><\/div>\n<div style=\"flex:1;text-align:center;background:#fff5f5;border-radius:8px;padding:20px 12px;border-top:3px solid #F21F05;\">\n<div style=\"font-size:clamp(1.5em,5vw,2.4em);font-weight:700;color:#c0392b;\">55-72 %<\/div>\n<div style=\"font-size:12px;color:#888;margin-top:4px;\">\u00c9conomies selon la Commission europ\u00e9enne<\/div><\/div>\n<\/div>\n<h2 style=\"padding-top:64px;margin-bottom:20px;\">O\u00f9 en est le milieu des entreprises ?<\/h2>\n<p style=\"line-height:1.8;margin-bottom:20px;\">L&rsquo;obligation de r\u00e9ception est en vigueur depuis plus d&rsquo;un an. Pourtant, les enqu\u00eates sectorielles montrent que de nombreuses entreprises n&rsquo;ont pas encore achev\u00e9 cette transition. Selon les donn\u00e9es de Bitkom, fin 2024, seuls 45 % des entreprises interrog\u00e9es \u00e9taient capables de recevoir des factures \u00e9lectroniques structur\u00e9es dans un format lisible par machine. Le reste traitait manuellement les fichiers PDF ou utilisait des formats propri\u00e9taires.<\/p>\n<p style=\"line-height:1.8;margin-bottom:20px;\">Le probl\u00e8me ne r\u00e9side que rarement dans le <a href=\"https:\/\/mybusinessfuture.com\/fr\/ki-buchhaltung-automatisierung-kmu-2026\/\">logiciel<\/a>. DATEV, SAP, Lexware et sevDesk prennent nativement en charge les factures \u00e9lectroniques. Le d\u00e9fi r\u00e9side plut\u00f4t dans la r\u00e9organisation interne des processus : celui qui collectait jusqu&rsquo;\u00e0 pr\u00e9sent les factures entrantes sous forme de PDF dans sa bo\u00eete de r\u00e9ception doit repenser enti\u00e8rement ses flux de travail. Celui qui devra \u00e9galement \u00e9mettre des factures \u00e0 compter de 2027 aura besoin d&rsquo;une interface entre son syst\u00e8me ERP et le format de facture \u00e9lectronique.<\/p>\n<blockquote style=\"border-left:4px solid #F21F05;margin:32px 0;padding:20px 24px;background:#fafafa;border-radius:0 8px 8px 0;font-size:1.1em;line-height:1.6;color:#333;\"><p>\n  \u00ab\u00a0La facture \u00e9lectronique n&rsquo;est pas un projet informatique. C&rsquo;est un projet de processus comportant une composante informatique. Celui qui ne fait que modifier son logiciel sans adapter ses proc\u00e9dures se retrouvera, dans neuf mois, face \u00e0 un probl\u00e8me de conformit\u00e9.\u00a0\u00bb<br \/>\n  <cite style=\"display:block;margin-top:12px;font-size:0.8em;color:#888;font-style:normal;\">&#8211; \u00c9valuation r\u00e9dactionnelle de mybusinessfuture<\/cite>\n<\/p><\/blockquote>\n<h2 style=\"padding-top:64px;margin-bottom:20px;\">Ce qu&rsquo;il faut faire d\u00e8s maintenant<\/h2>\n<p style=\"line-height:1.8;margin-bottom:20px;\">Trois \u00e9tapes pour les entreprises qui n&rsquo;ont pas encore entam\u00e9 la transition. Premi\u00e8rement : faire un \u00e9tat des lieux. Combien de factures B2B l&rsquo;entreprise \u00e9met-elle par mois ? Quel format utilise actuellement son syst\u00e8me ERP ? Est-il capable d&rsquo;exporter au format XRechnung ou ZUGFeRD ? Deuxi\u00e8mement : v\u00e9rifier le logiciel. La plupart des solutions comptables courantes proposent des modules d\u00e9di\u00e9s aux factures \u00e9lectroniques. DATEV int\u00e8gre XRechnung depuis 2023. SAP couvre ce besoin via son module Document &amp; Reporting Compliance. Lexware, sevDesk et FastBill offrent une prise en charge native. Troisi\u00e8mement : effectuer un test. La <a href=\"https:\/\/mybusinessfuture.com\/fr\/qualite-des-donnees-dans-les-pme-pourquoi-lia-echoue-sans-donnees-propres\/\">qualit\u00e9 des donn\u00e9es<\/a> des donn\u00e9es ma\u00eetresses d\u00e9termine si les factures \u00e9lectroniques sont correctement g\u00e9n\u00e9r\u00e9es. Les num\u00e9ros d&rsquo;identification fiscale, les coordonn\u00e9es bancaires et les fiches articles doivent \u00eatre complets.<\/p>\n<h2 style=\"padding-top:64px;margin-bottom:20px;\">Contexte europ\u00e9en : ViDA entrera en vigueur en 2030<\/h2>\n<p style=\"line-height:1.8;margin-bottom:20px;\">L&rsquo;obligation allemande de facture \u00e9lectronique s&rsquo;inscrit dans une initiative europ\u00e9enne plus vaste. La directive ViDA (TVA \u00e0 l&rsquo;\u00e8re du num\u00e9rique) a \u00e9t\u00e9 adopt\u00e9e en mars 2025. Elle rendra obligatoires les factures \u00e9lectroniques pour toutes les transactions B2B intracommunautaires \u00e0 compter de juillet 2030. Celui qui met en place aujourd&rsquo;hui la transposition allemande de mani\u00e8re rigoureuse sera d\u00e9j\u00e0 pr\u00eat pour ViDA. Celui qui attendra devra effectuer ult\u00e9rieurement une double migration.<\/p>\n<h2 style=\"padding-top:64px;margin-bottom:20px;\">Analyse<\/h2>\n<p style=\"line-height:1.8;margin-bottom:20px;\">L&rsquo;obligation de facture \u00e9lectronique constitue l&rsquo;une des rares <a href=\"https:\/\/mybusinessfuture.com\/fr\/bilan-du-premier-trimestre-2026-de-la-digitalisation-ce-qua-appris-le-mittelstan\/\">obligations r\u00e9glementaires<\/a> qui permettent, \u00e0 long terme, de r\u00e9aliser effectivement des \u00e9conomies. Selon la Commission europ\u00e9enne, les gains sur les co\u00fbts de traitement des factures s&rsquo;\u00e9chelonnent entre 55 et 72 %. Le milieu des entreprises en tirera un b\u00e9n\u00e9fice disproportionn\u00e9, car c&rsquo;est pr\u00e9cis\u00e9ment chez lui que le traitement manuel des factures reste le plus r\u00e9pandu. Mais attention : neuf mois, cela para\u00eet long &#8211; mais cela ne l&rsquo;est pas tant que \u00e7a, surtout si la comptabilit\u00e9 doit encore proc\u00e9der \u00e0 une mise \u00e0 niveau de son syst\u00e8me ERP.<\/p>\n<h2 style=\"padding-top:64px;margin-bottom:20px;\">Questions fr\u00e9quentes<\/h2>\n<details style=\"border:1px solid #e9ecef;border-radius:6px;background:#f8f9fa;margin-bottom:8px;\">\n<summary style=\"padding:14px 18px;cursor:pointer;font-weight:600;\"><strong>Une facture PDF envoy\u00e9e par e-mail suffit-elle ?<\/strong><\/summary>\n<p style=\"padding:14px 20px 18px;color:#495057;line-height:1.7;\">Non. Un fichier PDF n&rsquo;est pas un format de donn\u00e9es structur\u00e9 au sens de la loi. Le format requis est un XML lisible par machine conforme \u00e0 la norme EN 16931 &#8211; soit sous forme de XRechnung, soit sous forme de ZUGFeRD \u00e0 partir de la version 2.0.1 avec XML int\u00e9gr\u00e9.<\/p>\n<\/details>\n<details style=\"border:1px solid #e9ecef;border-radius:6px;background:#f8f9fa;margin-bottom:8px;\">\n<summary style=\"padding:14px 18px;cursor:pointer;font-weight:600;\"><strong>Que se passe-t-il si je manque la date limite ?<\/strong><\/summary>\n<p style=\"padding:14px 20px 18px;color:#495057;line-height:1.7;\">\u00c0 compter de janvier 2027, des amendes pouvant atteindre 5 000 euros par facture non conforme sont pr\u00e9vues. En outre, les factures non conformes ne pourront pas \u00eatre reconnues comme justificatifs r\u00e9guliers aux fins fiscales, ce qui compromettrait la d\u00e9duction de la TVA pay\u00e9e en amont.<\/p>\n<\/details>\n<details style=\"border:1px solid #e9ecef;border-radius:6px;background:#f8f9fa;margin-bottom:8px;\">\n<summary style=\"padding:14px 18px;cursor:pointer;font-weight:600;\"><strong>Quel logiciel me faut-il ?<\/strong><\/summary>\n<p style=\"padding:14px 20px 18px;color:#495057;line-height:1.7;\">La plupart des solutions comptables courantes prennent d\u00e9j\u00e0 en charge les factures \u00e9lectroniques : DATEV (prise en charge native depuis 2023), SAP (via le module DRC), Lexware, sevDesk et FastBill. Ce n&rsquo;est pas tant le logiciel lui-m\u00eame qui compte, mais bien le fait que les donn\u00e9es ma\u00eetresses soient soigneusement entretenues et que les processus internes aient \u00e9t\u00e9 adapt\u00e9s.<\/p>\n<\/details>\n<div style=\"background:#f0f8ff;border-radius:8px;padding:20px 24px;margin:24px 0;border-top:3px solid #F21F05;\">\n<h2 style=\"margin-top:0;margin-bottom:12px;font-size:1.05em;\">Suggestions de lecture de la r\u00e9daction<\/h2>\n<ul>\n<li><a href=\"https:\/\/mybusinessfuture.com\/fr\/ki-buchhaltung-automatisierung-kmu-2026\/\">L&rsquo;intelligence artificielle en comptabilit\u00e9 : automatisation pour les PME<\/a><\/li>\n<li><a href=\"https:\/\/mybusinessfuture.com\/fr\/qualite-des-donnees-dans-les-pme-pourquoi-lia-echoue-sans-donnees-propres\/\">Qualit\u00e9 des donn\u00e9es dans le milieu des entreprises : pourquoi l&rsquo;IA \u00e9choue sans donn\u00e9es propres<\/a><\/li>\n<li><a href=\"https:\/\/mybusinessfuture.com\/fr\/bilan-du-premier-trimestre-2026-de-la-digitalisation-ce-qua-appris-le-mittelstan\/\">Bilan Q1 de la num\u00e9risation 2026 : ce que le milieu des entreprises a appris<\/a><\/li>\n<\/ul>\n<\/div>\n<p style=\"text-align:right;\"><em>Source de l&rsquo;image : Pexels \/ Kindel Media (px:7688524)<\/em><\/p>\n","protected":false},"excerpt":{"rendered":"<p>4 min de lecture Dans neuf mois, l&rsquo;obligation de facture \u00e9lectronique devient effective pour le milieu des entreprises. \u00c0 compter de janvier 2027, les entreprises r\u00e9alisant un chiffre d&rsquo;affaires annuel sup\u00e9rieur \u00e0 800 000 euros devront \u00e9mettre des factures \u00e9lectroniques structur\u00e9es. Selon Bitkom, fin 2024, moins d&rsquo;une entreprise sur deux \u00e9tait capable de recevoir des [&hellip;]<\/p>\n","protected":false},"author":205,"featured_media":93690,"comment_status":"closed","ping_status":"closed","sticky":false,"template":"","format":"standard","meta":{"_acf_changed":false,"_yoast_wpseo_focuskw":"facture \u00e9lectronique","_yoast_wpseo_title":"Facture \u00e9lectronique : Guide pour les PME avant l'obligation","_yoast_wpseo_metadesc":"Digitalisierung : Ma\u00eetrisez l'IA et le Business. Optimisez vos processus et anticipez les changements. D\u00e9couvrez nos strat\u00e9gies d\u00e8s aujourd'hui !","_yoast_wpseo_meta-robots-noindex":"","_yoast_wpseo_meta-robots-nofollow":"","_yoast_wpseo_meta-robots-adv":"","_yoast_wpseo_canonical":"","_yoast_wpseo_opengraph-title":"","_yoast_wpseo_opengraph-description":"","_yoast_wpseo_opengraph-image":"","_yoast_wpseo_opengraph-image-id":"","_yoast_wpseo_twitter-title":"","_yoast_wpseo_twitter-description":"","_yoast_wpseo_twitter-image":"","_yoast_wpseo_twitter-image-id":"","featured_post_sortierung":0,"featured_post":0,"pre_headline":"","bildquelle":"","teasertext":"","language":"de","footnotes":""},"categories":[1276,2220],"tags":[],"class_list":{"0":"post-94407","1":"post","2":"type-post","3":"status-publish","4":"format-standard","5":"has-post-thumbnail","6":"hentry","7":"category-digital-business-future","9":"entry"},"wpml_language":"fr","wpml_translation_of":93651,"acf":[],"yoast_head":"<!-- This site is optimized with the Yoast SEO plugin v26.9 - https:\/\/yoast.com\/product\/yoast-seo-wordpress\/ -->\n<title>Facture \u00e9lectronique : Guide pour les PME avant l&#039;obligation<\/title>\n<meta name=\"description\" content=\"Digitalisierung : Ma\u00eetrisez l&#039;IA et le Business. Optimisez vos processus et anticipez les changements. D\u00e9couvrez nos strat\u00e9gies d\u00e8s aujourd&#039;hui !\" \/>\n<meta name=\"robots\" content=\"index, follow, max-snippet:-1, max-image-preview:large, max-video-preview:-1\" \/>\n<link rel=\"canonical\" href=\"https:\/\/mybusinessfuture.com\/fr\/facture-electronique-9-mois-avant-lobligation-denvoi-ou-en-est-le-milieu-des-ent\/\" \/>\n<meta property=\"og:locale\" content=\"fr_FR\" \/>\n<meta property=\"og:type\" content=\"article\" \/>\n<meta property=\"og:title\" content=\"Facture \u00e9lectronique : Guide pour les PME avant l&#039;obligation\" \/>\n<meta property=\"og:description\" content=\"Digitalisierung : Ma\u00eetrisez l&#039;IA et le Business. Optimisez vos processus et anticipez les changements. D\u00e9couvrez nos strat\u00e9gies d\u00e8s aujourd&#039;hui !\" \/>\n<meta property=\"og:url\" content=\"https:\/\/mybusinessfuture.com\/fr\/facture-electronique-9-mois-avant-lobligation-denvoi-ou-en-est-le-milieu-des-ent\/\" \/>\n<meta property=\"og:site_name\" content=\"MyBusinessFuture\" \/>\n<meta property=\"article:publisher\" content=\"https:\/\/www.facebook.com\/MyBusinessFuture\" \/>\n<meta property=\"article:published_time\" content=\"2026-04-03T17:08:09+00:00\" \/>\n<meta property=\"article:modified_time\" content=\"2026-04-05T06:31:10+00:00\" \/>\n<meta property=\"og:image\" content=\"https:\/\/mybusinessfuture.com\/wp-content\/uploads\/2026\/04\/pexels-7688524-e-rechnung.jpeg\" \/>\n\t<meta property=\"og:image:width\" content=\"1200\" \/>\n\t<meta property=\"og:image:height\" content=\"900\" \/>\n\t<meta property=\"og:image:type\" content=\"image\/jpeg\" \/>\n<meta name=\"author\" content=\"Tobias Massow\" \/>\n<meta name=\"twitter:card\" content=\"summary_large_image\" \/>\n<meta name=\"twitter:creator\" content=\"@mbusinessfuture\" \/>\n<meta name=\"twitter:site\" content=\"@mbusinessfuture\" \/>\n<meta name=\"twitter:label1\" content=\"\u00c9crit par\" \/>\n\t<meta name=\"twitter:data1\" content=\"Tobias Massow\" \/>\n\t<meta name=\"twitter:label2\" content=\"Dur\u00e9e de lecture estim\u00e9e\" \/>\n\t<meta name=\"twitter:data2\" content=\"6 minutes\" \/>\n<script type=\"application\/ld+json\" class=\"yoast-schema-graph\">{\"@context\":\"https:\/\/schema.org\",\"@graph\":[{\"@type\":\"NewsArticle\",\"@id\":\"https:\/\/mybusinessfuture.com\/fr\/facture-electronique-9-mois-avant-lobligation-denvoi-ou-en-est-le-milieu-des-ent\/#article\",\"isPartOf\":{\"@id\":\"https:\/\/mybusinessfuture.com\/fr\/facture-electronique-9-mois-avant-lobligation-denvoi-ou-en-est-le-milieu-des-ent\/\"},\"author\":{\"name\":\"Tobias Massow\",\"@id\":\"https:\/\/mybusinessfuture.com\/#\/schema\/person\/5a5f67d388de091844cc887ac56f3760\"},\"headline\":\"Facture \u00e9lectronique : 9 mois avant l\u2019obligation d\u2019envoi &#8211; O\u00f9 en est le milieu des entreprises ?\",\"datePublished\":\"2026-04-03T17:08:09+00:00\",\"dateModified\":\"2026-04-05T06:31:10+00:00\",\"mainEntityOfPage\":{\"@id\":\"https:\/\/mybusinessfuture.com\/fr\/facture-electronique-9-mois-avant-lobligation-denvoi-ou-en-est-le-milieu-des-ent\/\"},\"wordCount\":1164,\"publisher\":{\"@id\":\"https:\/\/mybusinessfuture.com\/#organization\"},\"image\":{\"@id\":\"https:\/\/mybusinessfuture.com\/fr\/facture-electronique-9-mois-avant-lobligation-denvoi-ou-en-est-le-milieu-des-ent\/#primaryimage\"},\"thumbnailUrl\":\"https:\/\/mybusinessfuture.com\/wp-content\/uploads\/2026\/04\/pexels-7688524-e-rechnung.jpeg\",\"articleSection\":[\"Digital Business &amp; Future\",\"Digital Business &amp; Future\"],\"inLanguage\":\"fr-FR\"},{\"@type\":\"WebPage\",\"@id\":\"https:\/\/mybusinessfuture.com\/fr\/facture-electronique-9-mois-avant-lobligation-denvoi-ou-en-est-le-milieu-des-ent\/\",\"url\":\"https:\/\/mybusinessfuture.com\/fr\/facture-electronique-9-mois-avant-lobligation-denvoi-ou-en-est-le-milieu-des-ent\/\",\"name\":\"Facture \u00e9lectronique : Guide pour les PME avant l'obligation\",\"isPartOf\":{\"@id\":\"https:\/\/mybusinessfuture.com\/#website\"},\"primaryImageOfPage\":{\"@id\":\"https:\/\/mybusinessfuture.com\/fr\/facture-electronique-9-mois-avant-lobligation-denvoi-ou-en-est-le-milieu-des-ent\/#primaryimage\"},\"image\":{\"@id\":\"https:\/\/mybusinessfuture.com\/fr\/facture-electronique-9-mois-avant-lobligation-denvoi-ou-en-est-le-milieu-des-ent\/#primaryimage\"},\"thumbnailUrl\":\"https:\/\/mybusinessfuture.com\/wp-content\/uploads\/2026\/04\/pexels-7688524-e-rechnung.jpeg\",\"datePublished\":\"2026-04-03T17:08:09+00:00\",\"dateModified\":\"2026-04-05T06:31:10+00:00\",\"description\":\"Digitalisierung : Ma\u00eetrisez l'IA et le Business. Optimisez vos processus et anticipez les changements. D\u00e9couvrez nos strat\u00e9gies d\u00e8s aujourd'hui !\",\"breadcrumb\":{\"@id\":\"https:\/\/mybusinessfuture.com\/fr\/facture-electronique-9-mois-avant-lobligation-denvoi-ou-en-est-le-milieu-des-ent\/#breadcrumb\"},\"inLanguage\":\"fr-FR\",\"potentialAction\":[{\"@type\":\"ReadAction\",\"target\":[\"https:\/\/mybusinessfuture.com\/fr\/facture-electronique-9-mois-avant-lobligation-denvoi-ou-en-est-le-milieu-des-ent\/\"]}]},{\"@type\":\"ImageObject\",\"inLanguage\":\"fr-FR\",\"@id\":\"https:\/\/mybusinessfuture.com\/fr\/facture-electronique-9-mois-avant-lobligation-denvoi-ou-en-est-le-milieu-des-ent\/#primaryimage\",\"url\":\"https:\/\/mybusinessfuture.com\/wp-content\/uploads\/2026\/04\/pexels-7688524-e-rechnung.jpeg\",\"contentUrl\":\"https:\/\/mybusinessfuture.com\/wp-content\/uploads\/2026\/04\/pexels-7688524-e-rechnung.jpeg\",\"width\":1200,\"height\":900,\"caption\":\"E-Rechnungsprozess auf Laptop: Lokale KI f\u00fcr digitale Transformation im Mittelstand.\"},{\"@type\":\"BreadcrumbList\",\"@id\":\"https:\/\/mybusinessfuture.com\/fr\/facture-electronique-9-mois-avant-lobligation-denvoi-ou-en-est-le-milieu-des-ent\/#breadcrumb\",\"itemListElement\":[{\"@type\":\"ListItem\",\"position\":1,\"name\":\"Startseite\",\"item\":\"https:\/\/mybusinessfuture.com\/\"},{\"@type\":\"ListItem\",\"position\":2,\"name\":\"Facture \u00e9lectronique : 9 mois avant l\u2019obligation d\u2019envoi &#8211; O\u00f9 en est le milieu des entreprises ?\"}]},{\"@type\":\"WebSite\",\"@id\":\"https:\/\/mybusinessfuture.com\/#website\",\"url\":\"https:\/\/mybusinessfuture.com\/\",\"name\":\"MyBusinessFuture\",\"description\":\"B2B-Magazin f\u00fcr Digitalisierung, KI und Business-Innovation \u2014 Fachartikel f\u00fcr IT-Entscheider im DACH-Raum\",\"publisher\":{\"@id\":\"https:\/\/mybusinessfuture.com\/#organization\"},\"potentialAction\":[{\"@type\":\"SearchAction\",\"target\":{\"@type\":\"EntryPoint\",\"urlTemplate\":\"https:\/\/mybusinessfuture.com\/?s={search_term_string}\"},\"query-input\":{\"@type\":\"PropertyValueSpecification\",\"valueRequired\":true,\"valueName\":\"search_term_string\"}}],\"inLanguage\":\"fr-FR\"},{\"@type\":\"Organization\",\"@id\":\"https:\/\/mybusinessfuture.com\/#organization\",\"name\":\"MyBusinessFuture\",\"url\":\"https:\/\/mybusinessfuture.com\/\",\"logo\":{\"@type\":\"ImageObject\",\"inLanguage\":\"fr-FR\",\"@id\":\"https:\/\/mybusinessfuture.com\/#\/schema\/logo\/image\/\",\"url\":\"https:\/\/mybusinessfuture.com\/wp-content\/uploads\/2020\/10\/MBF-logo-schwarz.png\",\"contentUrl\":\"https:\/\/mybusinessfuture.com\/wp-content\/uploads\/2020\/10\/MBF-logo-schwarz.png\",\"width\":398,\"height\":241,\"caption\":\"MyBusinessFuture\"},\"image\":{\"@id\":\"https:\/\/mybusinessfuture.com\/#\/schema\/logo\/image\/\"},\"sameAs\":[\"https:\/\/www.facebook.com\/MyBusinessFuture\",\"https:\/\/x.com\/mbusinessfuture\",\"https:\/\/www.linkedin.com\/showcase\/mybusinessfuture\/\"]},{\"@type\":\"Person\",\"@id\":\"https:\/\/mybusinessfuture.com\/#\/schema\/person\/5a5f67d388de091844cc887ac56f3760\",\"name\":\"Tobias Massow\",\"description\":\"Tobias Massow ist Gesch\u00e4ftsf\u00fchrer der Evernine Media GmbH und Herausgeber von MyBusinessFuture. Er verantwortet die strategische Ausrichtung des Magazins und des gesamten MBF Media Netzwerks mit vier B2B-Fachmagazinen f\u00fcr IT-Entscheider im deutschsprachigen Raum.\",\"sameAs\":[\"https:\/\/www.linkedin.com\/in\/tobias-massow\/\"],\"url\":\"https:\/\/mybusinessfuture.com\/fr\/experte\/tobias-evm\/\"}]}<\/script>\n<!-- \/ Yoast SEO plugin. -->","yoast_head_json":{"title":"Facture \u00e9lectronique : Guide pour les PME avant l'obligation","description":"Digitalisierung : Ma\u00eetrisez l'IA et le Business. Optimisez vos processus et anticipez les changements. D\u00e9couvrez nos strat\u00e9gies d\u00e8s aujourd'hui !","robots":{"index":"index","follow":"follow","max-snippet":"max-snippet:-1","max-image-preview":"max-image-preview:large","max-video-preview":"max-video-preview:-1"},"canonical":"https:\/\/mybusinessfuture.com\/fr\/facture-electronique-9-mois-avant-lobligation-denvoi-ou-en-est-le-milieu-des-ent\/","og_locale":"fr_FR","og_type":"article","og_title":"Facture \u00e9lectronique : Guide pour les PME avant l'obligation","og_description":"Digitalisierung : Ma\u00eetrisez l'IA et le Business. Optimisez vos processus et anticipez les changements. D\u00e9couvrez nos strat\u00e9gies d\u00e8s aujourd'hui !","og_url":"https:\/\/mybusinessfuture.com\/fr\/facture-electronique-9-mois-avant-lobligation-denvoi-ou-en-est-le-milieu-des-ent\/","og_site_name":"MyBusinessFuture","article_publisher":"https:\/\/www.facebook.com\/MyBusinessFuture","article_published_time":"2026-04-03T17:08:09+00:00","article_modified_time":"2026-04-05T06:31:10+00:00","og_image":[{"width":1200,"height":900,"url":"https:\/\/mybusinessfuture.com\/wp-content\/uploads\/2026\/04\/pexels-7688524-e-rechnung.jpeg","type":"image\/jpeg"}],"author":"Tobias Massow","twitter_card":"summary_large_image","twitter_creator":"@mbusinessfuture","twitter_site":"@mbusinessfuture","twitter_misc":{"\u00c9crit par":"Tobias Massow","Dur\u00e9e de lecture estim\u00e9e":"6 minutes"},"schema":{"@context":"https:\/\/schema.org","@graph":[{"@type":"NewsArticle","@id":"https:\/\/mybusinessfuture.com\/fr\/facture-electronique-9-mois-avant-lobligation-denvoi-ou-en-est-le-milieu-des-ent\/#article","isPartOf":{"@id":"https:\/\/mybusinessfuture.com\/fr\/facture-electronique-9-mois-avant-lobligation-denvoi-ou-en-est-le-milieu-des-ent\/"},"author":{"name":"Tobias Massow","@id":"https:\/\/mybusinessfuture.com\/#\/schema\/person\/5a5f67d388de091844cc887ac56f3760"},"headline":"Facture \u00e9lectronique : 9 mois avant l\u2019obligation d\u2019envoi &#8211; O\u00f9 en est le milieu des entreprises ?","datePublished":"2026-04-03T17:08:09+00:00","dateModified":"2026-04-05T06:31:10+00:00","mainEntityOfPage":{"@id":"https:\/\/mybusinessfuture.com\/fr\/facture-electronique-9-mois-avant-lobligation-denvoi-ou-en-est-le-milieu-des-ent\/"},"wordCount":1164,"publisher":{"@id":"https:\/\/mybusinessfuture.com\/#organization"},"image":{"@id":"https:\/\/mybusinessfuture.com\/fr\/facture-electronique-9-mois-avant-lobligation-denvoi-ou-en-est-le-milieu-des-ent\/#primaryimage"},"thumbnailUrl":"https:\/\/mybusinessfuture.com\/wp-content\/uploads\/2026\/04\/pexels-7688524-e-rechnung.jpeg","articleSection":["Digital Business &amp; Future","Digital Business &amp; Future"],"inLanguage":"fr-FR"},{"@type":"WebPage","@id":"https:\/\/mybusinessfuture.com\/fr\/facture-electronique-9-mois-avant-lobligation-denvoi-ou-en-est-le-milieu-des-ent\/","url":"https:\/\/mybusinessfuture.com\/fr\/facture-electronique-9-mois-avant-lobligation-denvoi-ou-en-est-le-milieu-des-ent\/","name":"Facture \u00e9lectronique : Guide pour les PME avant l'obligation","isPartOf":{"@id":"https:\/\/mybusinessfuture.com\/#website"},"primaryImageOfPage":{"@id":"https:\/\/mybusinessfuture.com\/fr\/facture-electronique-9-mois-avant-lobligation-denvoi-ou-en-est-le-milieu-des-ent\/#primaryimage"},"image":{"@id":"https:\/\/mybusinessfuture.com\/fr\/facture-electronique-9-mois-avant-lobligation-denvoi-ou-en-est-le-milieu-des-ent\/#primaryimage"},"thumbnailUrl":"https:\/\/mybusinessfuture.com\/wp-content\/uploads\/2026\/04\/pexels-7688524-e-rechnung.jpeg","datePublished":"2026-04-03T17:08:09+00:00","dateModified":"2026-04-05T06:31:10+00:00","description":"Digitalisierung : Ma\u00eetrisez l'IA et le Business. Optimisez vos processus et anticipez les changements. D\u00e9couvrez nos strat\u00e9gies d\u00e8s aujourd'hui !","breadcrumb":{"@id":"https:\/\/mybusinessfuture.com\/fr\/facture-electronique-9-mois-avant-lobligation-denvoi-ou-en-est-le-milieu-des-ent\/#breadcrumb"},"inLanguage":"fr-FR","potentialAction":[{"@type":"ReadAction","target":["https:\/\/mybusinessfuture.com\/fr\/facture-electronique-9-mois-avant-lobligation-denvoi-ou-en-est-le-milieu-des-ent\/"]}]},{"@type":"ImageObject","inLanguage":"fr-FR","@id":"https:\/\/mybusinessfuture.com\/fr\/facture-electronique-9-mois-avant-lobligation-denvoi-ou-en-est-le-milieu-des-ent\/#primaryimage","url":"https:\/\/mybusinessfuture.com\/wp-content\/uploads\/2026\/04\/pexels-7688524-e-rechnung.jpeg","contentUrl":"https:\/\/mybusinessfuture.com\/wp-content\/uploads\/2026\/04\/pexels-7688524-e-rechnung.jpeg","width":1200,"height":900,"caption":"E-Rechnungsprozess auf Laptop: Lokale KI f\u00fcr digitale Transformation im Mittelstand."},{"@type":"BreadcrumbList","@id":"https:\/\/mybusinessfuture.com\/fr\/facture-electronique-9-mois-avant-lobligation-denvoi-ou-en-est-le-milieu-des-ent\/#breadcrumb","itemListElement":[{"@type":"ListItem","position":1,"name":"Startseite","item":"https:\/\/mybusinessfuture.com\/"},{"@type":"ListItem","position":2,"name":"Facture \u00e9lectronique : 9 mois avant l\u2019obligation d\u2019envoi &#8211; O\u00f9 en est le milieu des entreprises ?"}]},{"@type":"WebSite","@id":"https:\/\/mybusinessfuture.com\/#website","url":"https:\/\/mybusinessfuture.com\/","name":"MyBusinessFuture","description":"B2B-Magazin f\u00fcr Digitalisierung, KI und Business-Innovation \u2014 Fachartikel f\u00fcr IT-Entscheider im DACH-Raum","publisher":{"@id":"https:\/\/mybusinessfuture.com\/#organization"},"potentialAction":[{"@type":"SearchAction","target":{"@type":"EntryPoint","urlTemplate":"https:\/\/mybusinessfuture.com\/?s={search_term_string}"},"query-input":{"@type":"PropertyValueSpecification","valueRequired":true,"valueName":"search_term_string"}}],"inLanguage":"fr-FR"},{"@type":"Organization","@id":"https:\/\/mybusinessfuture.com\/#organization","name":"MyBusinessFuture","url":"https:\/\/mybusinessfuture.com\/","logo":{"@type":"ImageObject","inLanguage":"fr-FR","@id":"https:\/\/mybusinessfuture.com\/#\/schema\/logo\/image\/","url":"https:\/\/mybusinessfuture.com\/wp-content\/uploads\/2020\/10\/MBF-logo-schwarz.png","contentUrl":"https:\/\/mybusinessfuture.com\/wp-content\/uploads\/2020\/10\/MBF-logo-schwarz.png","width":398,"height":241,"caption":"MyBusinessFuture"},"image":{"@id":"https:\/\/mybusinessfuture.com\/#\/schema\/logo\/image\/"},"sameAs":["https:\/\/www.facebook.com\/MyBusinessFuture","https:\/\/x.com\/mbusinessfuture","https:\/\/www.linkedin.com\/showcase\/mybusinessfuture\/"]},{"@type":"Person","@id":"https:\/\/mybusinessfuture.com\/#\/schema\/person\/5a5f67d388de091844cc887ac56f3760","name":"Tobias Massow","description":"Tobias Massow ist Gesch\u00e4ftsf\u00fchrer der Evernine Media GmbH und Herausgeber von MyBusinessFuture. Er verantwortet die strategische Ausrichtung des Magazins und des gesamten MBF Media Netzwerks mit vier B2B-Fachmagazinen f\u00fcr IT-Entscheider im deutschsprachigen Raum.","sameAs":["https:\/\/www.linkedin.com\/in\/tobias-massow\/"],"url":"https:\/\/mybusinessfuture.com\/fr\/experte\/tobias-evm\/"}]}},"_links":{"self":[{"href":"https:\/\/mybusinessfuture.com\/fr\/wp-json\/wp\/v2\/posts\/94407","targetHints":{"allow":["GET"]}}],"collection":[{"href":"https:\/\/mybusinessfuture.com\/fr\/wp-json\/wp\/v2\/posts"}],"about":[{"href":"https:\/\/mybusinessfuture.com\/fr\/wp-json\/wp\/v2\/types\/post"}],"author":[{"embeddable":true,"href":"https:\/\/mybusinessfuture.com\/fr\/wp-json\/wp\/v2\/users\/205"}],"replies":[{"embeddable":true,"href":"https:\/\/mybusinessfuture.com\/fr\/wp-json\/wp\/v2\/comments?post=94407"}],"version-history":[{"count":2,"href":"https:\/\/mybusinessfuture.com\/fr\/wp-json\/wp\/v2\/posts\/94407\/revisions"}],"predecessor-version":[{"id":95074,"href":"https:\/\/mybusinessfuture.com\/fr\/wp-json\/wp\/v2\/posts\/94407\/revisions\/95074"}],"wp:featuredmedia":[{"embeddable":true,"href":"https:\/\/mybusinessfuture.com\/fr\/wp-json\/wp\/v2\/media\/93690"}],"wp:attachment":[{"href":"https:\/\/mybusinessfuture.com\/fr\/wp-json\/wp\/v2\/media?parent=94407"}],"wp:term":[{"taxonomy":"category","embeddable":true,"href":"https:\/\/mybusinessfuture.com\/fr\/wp-json\/wp\/v2\/categories?post=94407"},{"taxonomy":"post_tag","embeddable":true,"href":"https:\/\/mybusinessfuture.com\/fr\/wp-json\/wp\/v2\/tags?post=94407"}],"curies":[{"name":"wp","href":"https:\/\/api.w.org\/{rel}","templated":true}]}}