{"id":98315,"date":"2026-04-25T11:51:26","date_gmt":"2026-04-25T11:51:26","guid":{"rendered":"https:\/\/mybusinessfuture.com\/dialogo-francoaleman-ia-17-abril-2026-gaia-x\/"},"modified":"2026-04-25T11:51:26","modified_gmt":"2026-04-25T11:51:26","slug":"dialogo-francoaleman-ia-17-abril-2026-gaia-x","status":"publish","type":"post","link":"https:\/\/mybusinessfuture.com\/es\/dialogo-francoaleman-ia-17-abril-2026-gaia-x\/","title":{"rendered":"Informe de inteligencia artificial franco-alem\u00e1n del 17 de abril: tres tareas que las empresas medianas DACH deber\u00edan completar antes de verano"},"content":{"rendered":"\n<div style=\"background:#202528;color:#fff;padding:6px 14px;border-radius:999px;display:inline-block;font-size:13px;font-weight:600;letter-spacing:0.4px;margin-bottom:16px;\">AN\u00c1LISIS PROFUNDO \u00b7 REGULACI\u00d3N<\/div>\n<div class=\"lesezeit\" style=\"font-size:13px;color:#202528;margin-bottom:20px;\">10 min de lectura<\/div>\n\n<p><strong>El 17 de abril de 2026, los grupos de trabajo del Franco-German AI Executives&#8217; Dialogue entregaron su informe final a los gobiernos franc\u00e9s y alem\u00e1n. El informe, respaldado por Inria, IMT y Fraunhofer, identifica tres palancas industriales para una hoja de ruta de IA soberana en Europa: compartici\u00f3n conjunta de capacidad computacional, soberan\u00eda de datos mediante nodos GAIA-X y priorizaci\u00f3n de casos de uso alineados con cadenas de valor industriales. Para las pymes de la regi\u00f3n DACH, la verdadera pregunta no es qu\u00e9 har\u00e1 Bruselas al respecto, sino c\u00f3mo hacer visibles estas recomendaciones en sus propios datos antes del verano.<\/strong><\/p>\n\n<div class=\"tldr-box\" style=\"background:#f4f5f6;border-left:4px solid #202528;padding:18px 22px;margin:24px 0;border-radius:8px;\">\n<strong style=\"color:#202528;\">Lo esencial en breve (a fecha 24.04.2026):<\/strong>\n<ul style=\"margin:8px 0 0 18px;padding:0;\">\n<li>Informe entregado el 17.04.2026 al BMWE y al ministerio de Econom\u00eda franc\u00e9s; tres palancas obligatorias: compartici\u00f3n de computaci\u00f3n, espacio de datos GAIA-X y priorizaci\u00f3n de casos de uso industriales.<\/li>\n<li>El informe se integra directamente en el IPCEI IA, por lo que adquiere relevancia inmediata para subvenciones y procesos de contrataci\u00f3n en empresas alemanas y francesas.<\/li>\n<li>Para las pymes DACH, esto implica tres tareas operativas clave: establecer el rol de \u00abpropietario de datos\u00bb, definir puntos de anclaje en GAIA-X y priorizar el portafolio de casos de uso en IA.<\/li>\n<li>Quien complete estas tres tareas antes del verano entrar\u00e1 en la primera ola de proyectos subvencionables y obtendr\u00e1 ventaja en licitaciones cr\u00edticas para la contrataci\u00f3n.<\/li>\n<li>El informe aborda expl\u00edcitamente las intersecciones con el Reglamento UE sobre IA y la implementaci\u00f3n de la NIS2, facilitando as\u00ed una integraci\u00f3n jur\u00eddicamente segura.<\/li>\n<\/ul>\n<\/div>\n\n<h2 style=\"color:#202528;\">Qu\u00e9 exige concretamente el informe del 17 de abril<\/h2>\n\n<p><strong>\u00bfQu\u00e9 es el Franco-German AI Executives&#8217; Dialogue?<\/strong> Este di\u00e1logo es una iniciativa liderada por la industria para coordinar las pol\u00edticas industriales de inteligencia artificial entre Alemania y Francia, lanzada en enero de 2025 en Berl\u00edn. Sus impulsores son Inria (Francia), IMT (Francia), Fraunhofer (Alemania) y delegados ejecutivos de las principales empresas industriales de ambos pa\u00edses. El resultado es un informe de consenso, que se actualiza entre tres y cinco veces al a\u00f1o y sirve como base para las pol\u00edticas nacionales de financiaci\u00f3n y para la estrategia europea IPCEI-AI. La versi\u00f3n entregada el 17.04.2026 es la primera que incluye recomendaciones operativas concretas, en lugar de meras declaraciones de intenciones.<\/p>\n\n<p>El informe esboza tres paquetes de trabajo que afectan directamente a la pyme. Primero, la compartici\u00f3n de capacidad computacional mediante un marco com\u00fan de financiaci\u00f3n para pymes, con acceso a infraestructuras soberanas de alto rendimiento (las \u00abf\u00e1bricas de IA\u00bb, Jupiter en Alemania y Jules Verne en Francia). Segundo, la conexi\u00f3n a espacios de datos mediante nodos GAIA-X como interfaz obligatoria para los ecosistemas industriales de datos. Tercero, la priorizaci\u00f3n de casos de uso dentro de dominios industriales definidos de IA (fabricaci\u00f3n, movilidad, energ\u00eda, salud, medio ambiente). Aunque los detalles son t\u00e9cnicos, se traducen en tres preguntas concretas para las pymes.<\/p>\n\n<p>Primera pregunta: \u00bfqui\u00e9n en la empresa asumir\u00e1 el rol de propietario de datos para la pr\u00f3xima conexi\u00f3n a GAIA-X? Segunda pregunta: \u00bfen qu\u00e9 dominio industrial de IA se concentra el volumen principal de negocio; qu\u00e9 casos de uso en ese \u00e1mbito son subvencionables? Tercera pregunta: \u00bfc\u00f3mo se gestionar\u00e1 operativamente la compartici\u00f3n de recursos computacionales si las cargas de trabajo deben moverse entre infraestructura local, proveedores hiperscaladores y centros de datos soberanos? Quien responda por escrito a estas tres preguntas tendr\u00e1 un ancla operativa s\u00f3lida para las pr\u00f3ximas convocatorias de subvenciones.<\/p>\n\n<h3 style=\"color:#202528;\">Por qu\u00e9 este documento tiene un impacto mayor del esperado<\/h3>\n\n<p>Los documentos de pol\u00edtica federal rara vez llegan directamente a las pymes. Este informe es distinto, porque se integra directamente en el programa IPCEI-AI. IPCEI AI es el veh\u00edculo a trav\u00e9s del cual se gestionan grandes programas de financiaci\u00f3n en Alemania y Francia; las normas de ayudas estatales permiten, sobre la base IPCEI, tasas de apoyo mucho m\u00e1s generosas que en la financiaci\u00f3n individual tradicional. En concreto: quien aspire a acceder a proyectos subvencionables en los pr\u00f3ximos doce meses, debe conocer las recomendaciones del informe y referenciarlas claramente en la arquitectura de sus solicitudes.<\/p>\n<h2 style=\"color:#202528;\">Tres cifras del informe que se quedan en el consejo de administraci\u00f3n<\/h2>\n\n<div class=\"stat-block-row\" style=\"display:grid;grid-template-columns:repeat(3,1fr);gap:16px;margin:24px 0;\">\n  <div style=\"background:#202528;color:#fff;padding:20px;border-radius:10px;\">\n    <div style=\"font-size:32px;font-weight:700;color:#fff;\">17.04.<\/div>\n    <div style=\"font-size:14px;color:#fff;margin-top:6px;\">Entrega del informe final al Ministerio Federal de Econom\u00eda y al ministerio franc\u00e9s de Econom\u00eda. Las recomendaciones industriales se consolidan en un \u00fanico documento.<\/div>\n  <\/div>\n  <div style=\"background:#202528;color:#fff;padding:20px;border-radius:10px;\">\n    <div style=\"font-size:32px;font-weight:700;color:#fff;\">5 dominios<\/div>\n    <div style=\"font-size:14px;color:#fff;margin-top:6px;\">verticalizaci\u00f3n industrial: fabricaci\u00f3n, movilidad, energ\u00eda, salud, medio ambiente. Los casos de uso se priorizan seg\u00fan estos dominios.<\/div>\n  <\/div>\n  <div style=\"background:#202528;color:#fff;padding:20px;border-radius:10px;\">\n    <div style=\"font-size:32px;font-weight:700;color:#fff;\">IPCEI<\/div>\n    <div style=\"font-size:14px;color:#fff;margin-top:6px;\">IA como marco de ayudas estatales de la UE con cuant\u00edas de financiaci\u00f3n aumentadas. El informe alimenta directamente el dise\u00f1o de este programa.<\/div>\n  <\/div>\n<\/div>\n\n<blockquote style=\"border-left:4px solid #202528;background:#f4f5f6;padding:18px 24px;margin:28px 0;font-style:italic;color:#202528;\">Toda buena arquitectura web puede esbozarse en una nota adhesiva. Lo mismo vale para una hoja de ruta de IA para pymes: si no cabe en media p\u00e1gina, le falta priorizaci\u00f3n.<\/blockquote>\n<h2 style=\"color:#202528;\">Las tres tareas operativas en detalle<\/h2>\n\n<h3 style=\"color:#202528;\">Tarea 1: Establecer el rol de Data-Owner para la conexi\u00f3n con GAIA-X<\/h3>\n\n<p>Los nodos GAIA-X exigen una estructura de responsabilidad clara por categor\u00eda de datos. Las pymes deben designar un rol que gestione la propiedad de los datos y la conexi\u00f3n t\u00e9cnica: un Data-Owner con mandato sobre datos de producci\u00f3n, cadena de suministro e ingenier\u00eda, no solo sobre los activos de datos t\u00e9cnico-inform\u00e1ticos. El rol debe ubicarse idealmente en el nivel de direcci\u00f3n general o como mandato dedicado inmediatamente por debajo. En los primeros proyectos de integraci\u00f3n observamos que las empresas que formalizan este rol est\u00e1n listas para GAIA-X en tres meses. Las que \u00absimplemente lo cuelgan de IT\u00bb siguen atascadas en discusiones sobre cat\u00e1logos de datos nueve meses despu\u00e9s.<\/p>\n\n<p>La conexi\u00f3n operativa a un nodo GAIA-X puede gestionarse hoy a trav\u00e9s de proveedores de servicios comerciales (Teralab, International Data Spaces, Catena-X para movilidad). La integraci\u00f3n t\u00e9cnica est\u00e1 resuelta; la organizativa, en cambio, no. La prueba del pragmatismo: quien no sea capaz de nombrar tres categor\u00edas de datos propias auditables y compartibles externamente todav\u00eda no ha dado su primera hora en GAIA-X.<\/p>\n\n<h3 style=\"color:#202528;\">Tarea 2: Priorizar el portfolio de casos de uso seg\u00fan los cinco dominios de Industrial AI<\/h3>\n\n<p>El informe prioriza cinco dominios: fabricaci\u00f3n, movilidad, energ\u00eda, salud y medio ambiente. Las pymes deben clasificar sus casos de uso de IA existentes en estos dominios y priorizar los cinco con mayor efecto palanca en su propio modelo de negocio. Suena trivial, pero supone una ruptura con la discusi\u00f3n habitual sobre casos de uso, que los prioriza principalmente seg\u00fan la viabilidad t\u00e9cnica. La l\u00ednea de pol\u00edtica industrial es: aportaci\u00f3n de valor m\u00e1s adecuaci\u00f3n estrat\u00e9gica al panorama de subvenciones. Un caso de uso que encaje claramente en uno de los cinco dominios y aporte una ventaja real de eficiencia o calidad tiene en 2026 m\u00e1s posibilidades de cofinanciaci\u00f3n que un caso de optimizaci\u00f3n est\u00e1ndar t\u00e9cnicamente sofisticado.<\/p>\n\n<h3 style=\"color:#202528;\">Tarea 3: Estrategia de Compute-Sharing para los pr\u00f3ximos 24 meses<\/h3>\n\n<p>El Compute-Sharing es el m\u00e1s operativo de los tres palancas, pero el m\u00e1s malentendido. No significa que las pymes vayan a acceder a un centro nacional de supercomputaci\u00f3n, sino que las cargas de trabajo de IA subvencionadas deben ejecutarse a trav\u00e9s de hubs definidos (Jupiter, Jules Verne, las AI-Gigafactories anunciadas). Para la propia empresa esto significa: evaluar qu\u00e9 cargas de trabajo son cr\u00edticas en latencia (y deben permanecer On-Premises), cu\u00e1les son aptas para hyperscalers (y pueden seguir ah\u00ed) y cu\u00e1les pueden trasladarse progresivamente a centros de datos soberanos. Quien tome esta decisi\u00f3n antes del verano entrar\u00e1 en la primera oleada de proyectos piloto subvencionados.<\/p>\n\n<p>La estrategia de Compute-Sharing es la que m\u00e1s involucra a la direcci\u00f3n. Afecta a decisiones de inversi\u00f3n, contratos existentes con hyperscalers y posibles estrategias de salida. Un paso intermedio pragm\u00e1tico: elaborar en los pr\u00f3ximos tres meses un inventario de compute que registre por carga de trabajo la categor\u00eda correspondiente (cr\u00edtica en latencia, sensible, estandarizable). Esta lista ser\u00e1 m\u00e1s valiosa en las solicitudes de subvenci\u00f3n de los pr\u00f3ximos 18 meses que cualquier executive summary.<\/p>\n\n<h3 style=\"color:#202528;\">Verificaci\u00f3n pr\u00e1ctica: c\u00f3mo es realmente un proyecto de pyme<\/h3>\n\n<p>De nuestros mandatos de consultor\u00eda de los \u00faltimos meses se pueden derivar tres arquetipos de proyecto que encajan limpiamente en la l\u00f3gica del informe. Arquetipo uno, \u00abCalidad de fabricaci\u00f3n\u00bb: una pyme de maquinaria que comparte modelos de Predictive Quality con socios de la cadena de suministro mediante una conexi\u00f3n GAIA-X. Arquetipo dos, \u00abOptimizaci\u00f3n energ\u00e9tica\u00bb: un proveedor de energ\u00eda o empresa industrial que opera modelos de previsi\u00f3n de carga y gesti\u00f3n de almacenamiento en infraestructura soberana. Arquetipo tres, \u00abHealth-Compliance\u00bb: una pyme de tecnolog\u00eda m\u00e9dica que comparte datos de entrenamiento de forma soberana con socios de investigaci\u00f3n y despliega modelos auditables en entornos regulados. Los tres arquetipos est\u00e1n priorizados en el dise\u00f1o actual del IPCEI-AI.<\/p>\n\n<p>La duraci\u00f3n realista del proyecto, desde el primer taller hasta el despliegue productivo, es de nueve a 18 meses, en funci\u00f3n de la madurez de la Data Governance interna. El coste total del proyecto se sit\u00faa entre 800.000 y 4 millones de euros, con una tasa de subvenci\u00f3n en el marco IPCEI que oscila t\u00edpicamente entre el 40 y el 60 por ciento. Para la planificaci\u00f3n presupuestaria propia esto significa: quien comience ahora planifica una inversi\u00f3n neta de 300.000 a 2 millones de euros para un proyecto piloto con referencia clara al informe.<\/p>\n\n<p>Un obst\u00e1culo pragm\u00e1tico que observamos en casi todos los proyectos: la coordinaci\u00f3n entre la matriz del grupo (si existe) y la unidad pyme para la cofinanciaci\u00f3n del presupuesto. En general, solo es subvencionable la parte correspondiente a la pyme. Quien establezca desde el principio una gobernanza clara (steering del proyecto con \u00f3rganos de decisi\u00f3n y poderes de firma bien definidos) se ahorra de dos a tres meses en la fase de solicitud. Quien lo ignore acaba en rondas de escalada que el calendario del IPCEI penaliza duramente.<\/p>\n<h2 style=\"color:#202528;\">Interfaces con el EU AI Act y NIS2<\/h2>\n\n<p>El informe del 17 de abril de 2026 es regulatoriamente compatible en dos direcciones. En primer lugar, con el EU AI Act: los sistemas de alto riesgo en contextos industriales (rob\u00f3tica de fabricaci\u00f3n relevante para la seguridad, infraestructura energ\u00e9tica) quedan cubiertos por las recomendaciones del informe, lo que reduce la carga de coordinaci\u00f3n entre la pol\u00edtica industrial y las competencias de las autoridades supervisoras correspondientes. En segundo lugar, con NIS2: los espacios de datos y los escenarios de computaci\u00f3n compartida se clasifican como infraestructura cr\u00edtica cuando resultan relevantes para el suministro energ\u00e9tico o el sector sanitario. La consecuencia operativa: quien hace bien las tres tareas pendientes documenta en paralelo la preparaci\u00f3n para NIS2 y los mapeos del EU AI Act, sin que ello suponga trabajo duplicado.<\/p>\n\n<h3 style=\"color:#202528;\">Tercera perspectiva: lo que los sindicatos y los comit\u00e9s de empresa quieren ver<\/h3>\n\n<p>Una dimensi\u00f3n que todav\u00eda recibe poco espacio en el debate p\u00fablico sobre el informe: el papel de los comit\u00e9s de empresa y los sindicatos en la implementaci\u00f3n de la IA industrial. En el lado alem\u00e1n, la integraci\u00f3n del comit\u00e9 de empresa en la introducci\u00f3n de IA es obligatoria seg\u00fan la Ley de Constituci\u00f3n Empresarial; en el lado franc\u00e9s, procesos similares se articulan a trav\u00e9s del CSE (Comit\u00e9 Social et \u00c9conomique). Las empresas medianas que incorporan la representaci\u00f3n de los trabajadores a la gobernanza del proyecto solo en el momento del despliegue se encuentran en la pr\u00e1ctica de manera recurrente en situaciones de escalada con retrasos de dos a seis meses. La consecuencia operativa: el rol de propietario de datos y el portafolio de casos de uso deben tratarse con el comit\u00e9 de empresa o el CSE durante el primer trimestre del proyecto, no en el \u00faltimo.<\/p>\n\n<p>El informe aborda esta dimensi\u00f3n a nivel meta (\u00abaceptaci\u00f3n industrial\u00bb), pero no aporta acuerdos modelo ni plantillas de gobernanza. Cerrar esta brecha es tarea de las asociaciones empresariales y los sindicatos en los pr\u00f3ximos meses. Para las empresas medianas esto significa: establecer acuerdos propios siguiendo los modelos del DGB\/IG Metall o, de forma an\u00e1loga, los modelos de FO\/CFDT, antes de presentar la primera solicitud de ayuda. Una buena direcci\u00f3n de proyecto planifica para ello al menos cuatro semanas e incorpora al departamento de personal desde el principio. Quien subestima esta dimensi\u00f3n elabora una solicitud formalmente impecable, pero fracasa en la aceptaci\u00f3n operativa en cuanto llega la resoluci\u00f3n favorable y comienza la ejecuci\u00f3n.<\/p>\n\n<h3 style=\"color:#202528;\">Lo que el informe no logra<\/h3>\n\n<p>Tres cr\u00edticas extra\u00eddas de nuestras conversaciones con clientes del segmento mediano sobre el tratamiento del informe. En primer lugar, todav\u00eda faltan vol\u00famenes de financiaci\u00f3n concretos por proyecto para empresas medianas; se incorporar\u00e1n en las pr\u00f3ximas convocatorias IPCEI. En segundo lugar, el papel de las asociaciones de pymes (BDI, BVMW, MEDEF en Francia) en la implementaci\u00f3n est\u00e1 formulado de forma imprecisa. En tercer lugar, la dimensi\u00f3n de seguridad inform\u00e1tica se menciona pero no se desarrolla. Quien tenga presentes estas tres lagunas puede integrar con rigor las recomendaciones del informe en su propia hoja de ruta, sin apoyarse en promesas que el informe no formula.<\/p>\n<h2 style=\"color:#202528;padding-top:64px;margin-bottom:20px;\">Preguntas frecuentes<\/h2>\n\n<details style=\"background:#f4f5f6;border-left:3px solid #202528;padding:14px 18px;margin:12px 0;border-radius:6px;\"><summary style=\"font-weight:600;color:#202528;cursor:pointer;\"><strong>\u00bfEl informe aplica solo a empresas con sede en Francia?<\/strong><\/summary>\n<p style=\"margin:8px 0 0;padding:0;\">No. El informe est\u00e1 dirigido al conjunto de la mediana empresa industrial europea, con un enfoque claro en las cadenas de valor franco-alemanas. Las pymes con socios o clientes en Francia obtienen una ventaja estrat\u00e9gica, pero la participaci\u00f3n aut\u00f3noma del espacio DACH en proyectos IPCEI-AI est\u00e1 expl\u00edcitamente contemplada.<\/p>\n<\/details>\n\n<details style=\"background:#f4f5f6;border-left:3px solid #202528;padding:14px 18px;margin:12px 0;border-radius:6px;\"><summary style=\"font-weight:600;color:#202528;cursor:pointer;\"><strong>\u00bfCu\u00e1l es el volumen realista de subvenciones para proyectos piloto en pymes?<\/strong><\/summary>\n<p style=\"margin:8px 0 0;padding:0;\">Seg\u00fan el marco regulatorio de IPCEI-AI, estimamos tasas de cofinanciaci\u00f3n de entre el 30 y el 60 por ciento de los costes directos del proyecto, en funci\u00f3n del tama\u00f1o de la empresa y el grado de innovaci\u00f3n. Para un proyecto piloto t\u00edpico de mediana empresa (volumen de entre 500.000 y 2 millones de euros), esto supone una subvenci\u00f3n de entre 150.000 y 1,2 millones de euros. Las tasas concretas se definir\u00e1n en cada convocatoria nacional.<\/p>\n<\/details>\n\n<details style=\"background:#f4f5f6;border-left:3px solid #202528;padding:14px 18px;margin:12px 0;border-radius:6px;\"><summary style=\"font-weight:600;color:#202528;cursor:pointer;\"><strong>\u00bfEs obligatorio participar en GAIA-X para acceder a las subvenciones?<\/strong><\/summary>\n<p style=\"margin:8px 0 0;padding:0;\">No formalmente, pero s\u00ed de forma creciente en la pr\u00e1ctica. La adhesi\u00f3n a GAIA-X reduce de manera perceptible los umbrales de evaluaci\u00f3n en las convocatorias, ya que la gobernanza soberana de datos se valora como un punto positivo. Quien opere sin GAIA-X deber\u00e1 acreditar una arquitectura de datos soberana equivalente, lo que en general resulta m\u00e1s costoso.<\/p>\n<\/details>\n\n<details style=\"background:#f4f5f6;border-left:3px solid #202528;padding:14px 18px;margin:12px 0;border-radius:6px;\"><summary style=\"font-weight:600;color:#202528;cursor:pointer;\"><strong>\u00bfC\u00f3mo encaja el informe con la financiaci\u00f3n del BMWE para la IA en empresas alemanas?<\/strong><\/summary>\n<p style=\"margin:8px 0 0;padding:0;\">Los programas existentes del BMWE (Centros Mittelstand-Digital, Concurso de Innovaci\u00f3n en IA) no se sustituyen, sino que se complementan. El informe ofrece un marco estrat\u00e9gico de referencia, y previsiblemente las pr\u00f3ximas convocatorias del BMWE incorporar\u00e1n las recomendaciones del informe como criterio de evaluaci\u00f3n.<\/p>\n<\/details>\n\n<details style=\"background:#f4f5f6;border-left:3px solid #202528;padding:14px 18px;margin:12px 0;border-radius:6px;\"><summary style=\"font-weight:600;color:#202528;cursor:pointer;\"><strong>\u00bfCu\u00e1ndo deber\u00edan las empresas haber completado las tres tareas pendientes?<\/strong><\/summary>\n<p style=\"margin:8px 0 0;padding:0;\">Nuestro calendario pragm\u00e1tico: el rol de Data Owner formalmente designado antes de finales de junio de 2026, la priorizaci\u00f3n de casos de uso concluida antes de finales de julio, y la estrategia de Compute Sharing documentada antes de mediados de septiembre. Quien cumpla este calendario estar\u00e1 bien posicionado para las convocatorias de oto\u00f1o. Quien comience m\u00e1s tarde puede apuntar a las convocatorias de primavera de 2027.<\/p>\n<\/details>\n\n<details style=\"background:#f4f5f6;border-left:3px solid #202528;padding:14px 18px;margin:12px 0;border-radius:6px;\"><summary style=\"font-weight:600;color:#202528;cursor:pointer;\"><strong>\u00bfQui\u00e9n coordina esto operativamente en Alemania?<\/strong><\/summary>\n<p style=\"margin:8px 0 0;padding:0;\">A nivel federal, el BMWE con el apoyo de Fraunhofer; a nivel de cada Land, los respectivos ministerios de econom\u00eda. Para las pymes, las C\u00e1maras de Comercio e Industria (IHK) y los Centros Mittelstand-Digital correspondientes son el primer punto de contacto para aclarar las convocatorias concretas y los plazos de solicitud.<\/p>\n<\/details>\n\n<h3 style=\"color:#202528;\">Red: Seguir leyendo en MyBusinessFuture<\/h3>\n\n<ul>\n<li>Nuestro an\u00e1lisis sobre <a href=\"https:\/\/mybusinessfuture.com\/ki-daten-reife-mittelstand-2026-fuenf-hausaufgaben-gartner-72-prozent-scheiter\/\">la madurez de datos en IA en las pymes y las cinco tareas previas al agente en producci\u00f3n<\/a><\/li>\n<li>An\u00e1lisis sobre <a href=\"https:\/\/mybusinessfuture.com\/ai-failure-rate-80-prozent-rand-gartner-mittelstand-2026\/\">la tasa de fracaso del 80 por ciento en IA y la pregunta estructural de fondo<\/a><\/li>\n<li>Revisi\u00f3n del informe <a href=\"https:\/\/mybusinessfuture.com\/deloitte-state-of-ai-enterprise-2026-report-mittelstand-execution-luecke\/\">Deloitte State of AI 2026 Enterprise y la brecha de ejecuci\u00f3n<\/a><\/li>\n<\/ul>\n\n<p><em>Fuente imagen de portada: Pexels \/ Dom J (px:355948)<\/em><\/p>\n","protected":false},"excerpt":{"rendered":"<p>El informe de 17.04.2026 se incluye en el IPCEI AI. Lo que la mediana empresa DACH debe hacer ahora de forma operativa: propietario de datos, GAIA-X, priorizaci\u00f3n de casos de uso.<\/p>\n","protected":false},"author":182,"featured_media":98258,"comment_status":"closed","ping_status":"closed","sticky":false,"template":"","format":"standard","meta":{"_acf_changed":false,"_yoast_wpseo_focuskw":"Di\u00e1logo franco-alem\u00e1n sobre inteligencia artificial en la mediana empresa","_yoast_wpseo_title":"","_yoast_wpseo_metadesc":"Informe 17.04.2026 al BMWE + gobierno franc\u00e9s. IPCEI AI se vuelve concreto. Data-Owner, GAIA-X, cartera de casos de uso para PYME hasta verano.","_yoast_wpseo_meta-robots-noindex":"","_yoast_wpseo_meta-robots-nofollow":"","_yoast_wpseo_meta-robots-adv":"","_yoast_wpseo_canonical":"","_yoast_wpseo_opengraph-title":"","_yoast_wpseo_opengraph-description":"","_yoast_wpseo_opengraph-image":"","_yoast_wpseo_opengraph-image-id":"","_yoast_wpseo_twitter-title":"","_yoast_wpseo_twitter-description":"","_yoast_wpseo_twitter-image":"","_yoast_wpseo_twitter-image-id":"","featured_post_sortierung":0,"featured_post":0,"pre_headline":"","bildquelle":"","teasertext":"","language":"de","footnotes":""},"categories":[1],"tags":[],"class_list":["post-98315","post","type-post","status-publish","format-standard","has-post-thumbnail","hentry","category-uncategorized","entry"],"wpml_language":"es","wpml_translation_of":98259,"acf":[],"yoast_head":"<!-- This site is optimized with the Yoast SEO plugin v26.9 - https:\/\/yoast.com\/product\/yoast-seo-wordpress\/ -->\n<title>Informe de inteligencia artificial franco-alem\u00e1n del 17 de abril: tres tareas que las empresas medianas DACH deber\u00edan completar antes de verano - MyBusinessFuture<\/title>\n<meta name=\"description\" content=\"Informe 17.04.2026 al BMWE + gobierno franc\u00e9s. IPCEI AI se vuelve concreto. Data-Owner, GAIA-X, cartera de casos de uso para PYME hasta verano.\" \/>\n<meta name=\"robots\" content=\"index, follow, max-snippet:-1, max-image-preview:large, max-video-preview:-1\" \/>\n<link rel=\"canonical\" href=\"https:\/\/mybusinessfuture.com\/es\/dialogo-francoaleman-ia-17-abril-2026-gaia-x\/\" \/>\n<meta property=\"og:locale\" content=\"es_ES\" \/>\n<meta property=\"og:type\" content=\"article\" \/>\n<meta property=\"og:title\" content=\"Informe de inteligencia artificial franco-alem\u00e1n del 17 de abril: tres tareas que las empresas medianas DACH deber\u00edan completar antes de verano - MyBusinessFuture\" \/>\n<meta property=\"og:description\" content=\"Informe 17.04.2026 al BMWE + gobierno franc\u00e9s. IPCEI AI se vuelve concreto. Data-Owner, GAIA-X, cartera de casos de uso para PYME hasta verano.\" \/>\n<meta property=\"og:url\" content=\"https:\/\/mybusinessfuture.com\/es\/dialogo-francoaleman-ia-17-abril-2026-gaia-x\/\" \/>\n<meta property=\"og:site_name\" content=\"MyBusinessFuture\" \/>\n<meta property=\"article:publisher\" content=\"https:\/\/www.facebook.com\/MyBusinessFuture\" \/>\n<meta property=\"article:published_time\" content=\"2026-04-25T11:51:26+00:00\" \/>\n<meta property=\"og:image\" content=\"https:\/\/mybusinessfuture.com\/wp-content\/uploads\/2026\/04\/mbf-franco-op-260424.jpg\" \/>\n\t<meta property=\"og:image:width\" content=\"1880\" \/>\n\t<meta property=\"og:image:height\" content=\"1143\" \/>\n\t<meta property=\"og:image:type\" content=\"image\/jpeg\" \/>\n<meta name=\"author\" content=\"Adrian Garcia-Kunz\" \/>\n<meta name=\"twitter:card\" content=\"summary_large_image\" \/>\n<meta name=\"twitter:creator\" content=\"@mbusinessfuture\" \/>\n<meta name=\"twitter:site\" content=\"@mbusinessfuture\" \/>\n<meta name=\"twitter:label1\" content=\"Escrito por\" \/>\n\t<meta name=\"twitter:data1\" content=\"Adrian Garcia-Kunz\" \/>\n\t<meta name=\"twitter:label2\" content=\"Tiempo de lectura\" \/>\n\t<meta name=\"twitter:data2\" content=\"14 minutos\" \/>\n<script type=\"application\/ld+json\" class=\"yoast-schema-graph\">{\"@context\":\"https:\/\/schema.org\",\"@graph\":[{\"@type\":\"NewsArticle\",\"@id\":\"https:\/\/mybusinessfuture.com\/dialogo-francoaleman-ia-17-abril-2026-gaia-x\/#article\",\"isPartOf\":{\"@id\":\"https:\/\/mybusinessfuture.com\/dialogo-francoaleman-ia-17-abril-2026-gaia-x\/\"},\"author\":{\"name\":\"Adrian Garcia-Kunz\",\"@id\":\"https:\/\/mybusinessfuture.com\/#\/schema\/person\/0b45f122199986cd35edc7e1347509b2\"},\"headline\":\"Informe de inteligencia artificial franco-alem\u00e1n del 17 de abril: tres tareas que las empresas medianas DACH deber\u00edan completar antes de verano\",\"datePublished\":\"2026-04-25T11:51:26+00:00\",\"mainEntityOfPage\":{\"@id\":\"https:\/\/mybusinessfuture.com\/dialogo-francoaleman-ia-17-abril-2026-gaia-x\/\"},\"wordCount\":2785,\"publisher\":{\"@id\":\"https:\/\/mybusinessfuture.com\/#organization\"},\"image\":{\"@id\":\"https:\/\/mybusinessfuture.com\/dialogo-francoaleman-ia-17-abril-2026-gaia-x\/#primaryimage\"},\"thumbnailUrl\":\"https:\/\/mybusinessfuture.com\/wp-content\/uploads\/2026\/04\/mbf-franco-op-260424.jpg\",\"articleSection\":[\"Uncategorized\"],\"inLanguage\":\"es\"},{\"@type\":\"WebPage\",\"@id\":\"https:\/\/mybusinessfuture.com\/dialogo-francoaleman-ia-17-abril-2026-gaia-x\/\",\"url\":\"https:\/\/mybusinessfuture.com\/dialogo-francoaleman-ia-17-abril-2026-gaia-x\/\",\"name\":\"Informe de inteligencia artificial franco-alem\u00e1n del 17 de abril: tres tareas que las empresas medianas DACH deber\u00edan completar antes de verano - MyBusinessFuture\",\"isPartOf\":{\"@id\":\"https:\/\/mybusinessfuture.com\/#website\"},\"primaryImageOfPage\":{\"@id\":\"https:\/\/mybusinessfuture.com\/dialogo-francoaleman-ia-17-abril-2026-gaia-x\/#primaryimage\"},\"image\":{\"@id\":\"https:\/\/mybusinessfuture.com\/dialogo-francoaleman-ia-17-abril-2026-gaia-x\/#primaryimage\"},\"thumbnailUrl\":\"https:\/\/mybusinessfuture.com\/wp-content\/uploads\/2026\/04\/mbf-franco-op-260424.jpg\",\"datePublished\":\"2026-04-25T11:51:26+00:00\",\"description\":\"Informe 17.04.2026 al BMWE + gobierno franc\u00e9s. IPCEI AI se vuelve concreto. Data-Owner, GAIA-X, cartera de casos de uso para PYME hasta verano.\",\"breadcrumb\":{\"@id\":\"https:\/\/mybusinessfuture.com\/dialogo-francoaleman-ia-17-abril-2026-gaia-x\/#breadcrumb\"},\"inLanguage\":\"es\",\"potentialAction\":[{\"@type\":\"ReadAction\",\"target\":[\"https:\/\/mybusinessfuture.com\/dialogo-francoaleman-ia-17-abril-2026-gaia-x\/\"]}]},{\"@type\":\"ImageObject\",\"inLanguage\":\"es\",\"@id\":\"https:\/\/mybusinessfuture.com\/dialogo-francoaleman-ia-17-abril-2026-gaia-x\/#primaryimage\",\"url\":\"https:\/\/mybusinessfuture.com\/wp-content\/uploads\/2026\/04\/mbf-franco-op-260424.jpg\",\"contentUrl\":\"https:\/\/mybusinessfuture.com\/wp-content\/uploads\/2026\/04\/mbf-franco-op-260424.jpg\",\"width\":1880,\"height\":1143,\"caption\":\"Quelle Titelbild: Pexels \/ Dom J (px:355948)\"},{\"@type\":\"BreadcrumbList\",\"@id\":\"https:\/\/mybusinessfuture.com\/dialogo-francoaleman-ia-17-abril-2026-gaia-x\/#breadcrumb\",\"itemListElement\":[{\"@type\":\"ListItem\",\"position\":1,\"name\":\"Startseite\",\"item\":\"https:\/\/mybusinessfuture.com\/\"},{\"@type\":\"ListItem\",\"position\":2,\"name\":\"Informe de inteligencia artificial franco-alem\u00e1n del 17 de abril: tres tareas que las empresas medianas DACH deber\u00edan completar antes de verano\"}]},{\"@type\":\"WebSite\",\"@id\":\"https:\/\/mybusinessfuture.com\/#website\",\"url\":\"https:\/\/mybusinessfuture.com\/\",\"name\":\"MyBusinessFuture\",\"description\":\"B2B-Magazin f\u00fcr Digitalisierung, KI und Business-Innovation \u2014 Fachartikel f\u00fcr IT-Entscheider im DACH-Raum\",\"publisher\":{\"@id\":\"https:\/\/mybusinessfuture.com\/#organization\"},\"potentialAction\":[{\"@type\":\"SearchAction\",\"target\":{\"@type\":\"EntryPoint\",\"urlTemplate\":\"https:\/\/mybusinessfuture.com\/?s={search_term_string}\"},\"query-input\":{\"@type\":\"PropertyValueSpecification\",\"valueRequired\":true,\"valueName\":\"search_term_string\"}}],\"inLanguage\":\"es\"},{\"@type\":\"Organization\",\"@id\":\"https:\/\/mybusinessfuture.com\/#organization\",\"name\":\"MyBusinessFuture\",\"url\":\"https:\/\/mybusinessfuture.com\/\",\"logo\":{\"@type\":\"ImageObject\",\"inLanguage\":\"es\",\"@id\":\"https:\/\/mybusinessfuture.com\/#\/schema\/logo\/image\/\",\"url\":\"https:\/\/mybusinessfuture.com\/wp-content\/uploads\/2020\/10\/MBF-logo-schwarz.png\",\"contentUrl\":\"https:\/\/mybusinessfuture.com\/wp-content\/uploads\/2020\/10\/MBF-logo-schwarz.png\",\"width\":398,\"height\":241,\"caption\":\"MyBusinessFuture\"},\"image\":{\"@id\":\"https:\/\/mybusinessfuture.com\/#\/schema\/logo\/image\/\"},\"sameAs\":[\"https:\/\/www.facebook.com\/MyBusinessFuture\",\"https:\/\/x.com\/mbusinessfuture\",\"https:\/\/www.linkedin.com\/showcase\/mybusinessfuture\/\"]},{\"@type\":\"Person\",\"@id\":\"https:\/\/mybusinessfuture.com\/#\/schema\/person\/0b45f122199986cd35edc7e1347509b2\",\"name\":\"Adrian Garcia-Kunz\",\"description\":\"Adri\u00e1n Garc\u00eda-Kunz es editor en MBF Media y escribe sobre desarrollo web, arquitectura de software e infraestructura digital. Con experiencia en desarrollo full-stack y tecnolog\u00edas nativas de la nube, aporta profundidad t\u00e9cnica a temas complejos de TI. Su enfoque se centra en tendencias que afectan tanto a equipos de desarrolladores como a tomadores de decisiones en TI: desde frameworks modernos hasta estrategias DevOps y desarrollo de software impulsado por IA.\",\"url\":\"https:\/\/mybusinessfuture.com\/es\/experte\/adrianninebrackets\/\"}]}<\/script>\n<!-- \/ Yoast SEO plugin. -->","yoast_head_json":{"title":"Informe de inteligencia artificial franco-alem\u00e1n del 17 de abril: tres tareas que las empresas medianas DACH deber\u00edan completar antes de verano - MyBusinessFuture","description":"Informe 17.04.2026 al BMWE + gobierno franc\u00e9s. IPCEI AI se vuelve concreto. Data-Owner, GAIA-X, cartera de casos de uso para PYME hasta verano.","robots":{"index":"index","follow":"follow","max-snippet":"max-snippet:-1","max-image-preview":"max-image-preview:large","max-video-preview":"max-video-preview:-1"},"canonical":"https:\/\/mybusinessfuture.com\/es\/dialogo-francoaleman-ia-17-abril-2026-gaia-x\/","og_locale":"es_ES","og_type":"article","og_title":"Informe de inteligencia artificial franco-alem\u00e1n del 17 de abril: tres tareas que las empresas medianas DACH deber\u00edan completar antes de verano - MyBusinessFuture","og_description":"Informe 17.04.2026 al BMWE + gobierno franc\u00e9s. IPCEI AI se vuelve concreto. Data-Owner, GAIA-X, cartera de casos de uso para PYME hasta verano.","og_url":"https:\/\/mybusinessfuture.com\/es\/dialogo-francoaleman-ia-17-abril-2026-gaia-x\/","og_site_name":"MyBusinessFuture","article_publisher":"https:\/\/www.facebook.com\/MyBusinessFuture","article_published_time":"2026-04-25T11:51:26+00:00","og_image":[{"width":1880,"height":1143,"url":"https:\/\/mybusinessfuture.com\/wp-content\/uploads\/2026\/04\/mbf-franco-op-260424.jpg","type":"image\/jpeg"}],"author":"Adrian Garcia-Kunz","twitter_card":"summary_large_image","twitter_creator":"@mbusinessfuture","twitter_site":"@mbusinessfuture","twitter_misc":{"Escrito por":"Adrian Garcia-Kunz","Tiempo de lectura":"14 minutos"},"schema":{"@context":"https:\/\/schema.org","@graph":[{"@type":"NewsArticle","@id":"https:\/\/mybusinessfuture.com\/dialogo-francoaleman-ia-17-abril-2026-gaia-x\/#article","isPartOf":{"@id":"https:\/\/mybusinessfuture.com\/dialogo-francoaleman-ia-17-abril-2026-gaia-x\/"},"author":{"name":"Adrian Garcia-Kunz","@id":"https:\/\/mybusinessfuture.com\/#\/schema\/person\/0b45f122199986cd35edc7e1347509b2"},"headline":"Informe de inteligencia artificial franco-alem\u00e1n del 17 de abril: tres tareas que las empresas medianas DACH deber\u00edan completar antes de verano","datePublished":"2026-04-25T11:51:26+00:00","mainEntityOfPage":{"@id":"https:\/\/mybusinessfuture.com\/dialogo-francoaleman-ia-17-abril-2026-gaia-x\/"},"wordCount":2785,"publisher":{"@id":"https:\/\/mybusinessfuture.com\/#organization"},"image":{"@id":"https:\/\/mybusinessfuture.com\/dialogo-francoaleman-ia-17-abril-2026-gaia-x\/#primaryimage"},"thumbnailUrl":"https:\/\/mybusinessfuture.com\/wp-content\/uploads\/2026\/04\/mbf-franco-op-260424.jpg","articleSection":["Uncategorized"],"inLanguage":"es"},{"@type":"WebPage","@id":"https:\/\/mybusinessfuture.com\/dialogo-francoaleman-ia-17-abril-2026-gaia-x\/","url":"https:\/\/mybusinessfuture.com\/dialogo-francoaleman-ia-17-abril-2026-gaia-x\/","name":"Informe de inteligencia artificial franco-alem\u00e1n del 17 de abril: tres tareas que las empresas medianas DACH deber\u00edan completar antes de verano - MyBusinessFuture","isPartOf":{"@id":"https:\/\/mybusinessfuture.com\/#website"},"primaryImageOfPage":{"@id":"https:\/\/mybusinessfuture.com\/dialogo-francoaleman-ia-17-abril-2026-gaia-x\/#primaryimage"},"image":{"@id":"https:\/\/mybusinessfuture.com\/dialogo-francoaleman-ia-17-abril-2026-gaia-x\/#primaryimage"},"thumbnailUrl":"https:\/\/mybusinessfuture.com\/wp-content\/uploads\/2026\/04\/mbf-franco-op-260424.jpg","datePublished":"2026-04-25T11:51:26+00:00","description":"Informe 17.04.2026 al BMWE + gobierno franc\u00e9s. IPCEI AI se vuelve concreto. Data-Owner, GAIA-X, cartera de casos de uso para PYME hasta verano.","breadcrumb":{"@id":"https:\/\/mybusinessfuture.com\/dialogo-francoaleman-ia-17-abril-2026-gaia-x\/#breadcrumb"},"inLanguage":"es","potentialAction":[{"@type":"ReadAction","target":["https:\/\/mybusinessfuture.com\/dialogo-francoaleman-ia-17-abril-2026-gaia-x\/"]}]},{"@type":"ImageObject","inLanguage":"es","@id":"https:\/\/mybusinessfuture.com\/dialogo-francoaleman-ia-17-abril-2026-gaia-x\/#primaryimage","url":"https:\/\/mybusinessfuture.com\/wp-content\/uploads\/2026\/04\/mbf-franco-op-260424.jpg","contentUrl":"https:\/\/mybusinessfuture.com\/wp-content\/uploads\/2026\/04\/mbf-franco-op-260424.jpg","width":1880,"height":1143,"caption":"Quelle Titelbild: Pexels \/ Dom J (px:355948)"},{"@type":"BreadcrumbList","@id":"https:\/\/mybusinessfuture.com\/dialogo-francoaleman-ia-17-abril-2026-gaia-x\/#breadcrumb","itemListElement":[{"@type":"ListItem","position":1,"name":"Startseite","item":"https:\/\/mybusinessfuture.com\/"},{"@type":"ListItem","position":2,"name":"Informe de inteligencia artificial franco-alem\u00e1n del 17 de abril: tres tareas que las empresas medianas DACH deber\u00edan completar antes de verano"}]},{"@type":"WebSite","@id":"https:\/\/mybusinessfuture.com\/#website","url":"https:\/\/mybusinessfuture.com\/","name":"MyBusinessFuture","description":"B2B-Magazin f\u00fcr Digitalisierung, KI und Business-Innovation \u2014 Fachartikel f\u00fcr IT-Entscheider im DACH-Raum","publisher":{"@id":"https:\/\/mybusinessfuture.com\/#organization"},"potentialAction":[{"@type":"SearchAction","target":{"@type":"EntryPoint","urlTemplate":"https:\/\/mybusinessfuture.com\/?s={search_term_string}"},"query-input":{"@type":"PropertyValueSpecification","valueRequired":true,"valueName":"search_term_string"}}],"inLanguage":"es"},{"@type":"Organization","@id":"https:\/\/mybusinessfuture.com\/#organization","name":"MyBusinessFuture","url":"https:\/\/mybusinessfuture.com\/","logo":{"@type":"ImageObject","inLanguage":"es","@id":"https:\/\/mybusinessfuture.com\/#\/schema\/logo\/image\/","url":"https:\/\/mybusinessfuture.com\/wp-content\/uploads\/2020\/10\/MBF-logo-schwarz.png","contentUrl":"https:\/\/mybusinessfuture.com\/wp-content\/uploads\/2020\/10\/MBF-logo-schwarz.png","width":398,"height":241,"caption":"MyBusinessFuture"},"image":{"@id":"https:\/\/mybusinessfuture.com\/#\/schema\/logo\/image\/"},"sameAs":["https:\/\/www.facebook.com\/MyBusinessFuture","https:\/\/x.com\/mbusinessfuture","https:\/\/www.linkedin.com\/showcase\/mybusinessfuture\/"]},{"@type":"Person","@id":"https:\/\/mybusinessfuture.com\/#\/schema\/person\/0b45f122199986cd35edc7e1347509b2","name":"Adrian Garcia-Kunz","description":"Adri\u00e1n Garc\u00eda-Kunz es editor en MBF Media y escribe sobre desarrollo web, arquitectura de software e infraestructura digital. Con experiencia en desarrollo full-stack y tecnolog\u00edas nativas de la nube, aporta profundidad t\u00e9cnica a temas complejos de TI. Su enfoque se centra en tendencias que afectan tanto a equipos de desarrolladores como a tomadores de decisiones en TI: desde frameworks modernos hasta estrategias DevOps y desarrollo de software impulsado por IA.","url":"https:\/\/mybusinessfuture.com\/es\/experte\/adrianninebrackets\/"}]}},"_links":{"self":[{"href":"https:\/\/mybusinessfuture.com\/es\/wp-json\/wp\/v2\/posts\/98315","targetHints":{"allow":["GET"]}}],"collection":[{"href":"https:\/\/mybusinessfuture.com\/es\/wp-json\/wp\/v2\/posts"}],"about":[{"href":"https:\/\/mybusinessfuture.com\/es\/wp-json\/wp\/v2\/types\/post"}],"author":[{"embeddable":true,"href":"https:\/\/mybusinessfuture.com\/es\/wp-json\/wp\/v2\/users\/182"}],"replies":[{"embeddable":true,"href":"https:\/\/mybusinessfuture.com\/es\/wp-json\/wp\/v2\/comments?post=98315"}],"version-history":[{"count":0,"href":"https:\/\/mybusinessfuture.com\/es\/wp-json\/wp\/v2\/posts\/98315\/revisions"}],"wp:featuredmedia":[{"embeddable":true,"href":"https:\/\/mybusinessfuture.com\/es\/wp-json\/wp\/v2\/media\/98258"}],"wp:attachment":[{"href":"https:\/\/mybusinessfuture.com\/es\/wp-json\/wp\/v2\/media?parent=98315"}],"wp:term":[{"taxonomy":"category","embeddable":true,"href":"https:\/\/mybusinessfuture.com\/es\/wp-json\/wp\/v2\/categories?post=98315"},{"taxonomy":"post_tag","embeddable":true,"href":"https:\/\/mybusinessfuture.com\/es\/wp-json\/wp\/v2\/tags?post=98315"}],"curies":[{"name":"wp","href":"https:\/\/api.w.org\/{rel}","templated":true}]}}