{"id":97618,"date":"2026-04-22T13:57:22","date_gmt":"2026-04-22T13:57:22","guid":{"rendered":"https:\/\/mybusinessfuture.com\/el-acta-de-ia-de-la-ue-entra-en-vigor-desde-el-6-de-abril-de\/"},"modified":"2026-04-22T13:57:22","modified_gmt":"2026-04-22T13:57:22","slug":"el-acta-de-ia-de-la-ue-entra-en-vigor-desde-el-6-de-abril-de","status":"publish","type":"post","link":"https:\/\/mybusinessfuture.com\/es\/el-acta-de-ia-de-la-ue-entra-en-vigor-desde-el-6-de-abril-de\/","title":{"rendered":"El Acta de IA de la UE entra en vigor desde el 6 de abril de 2026: lo que los equipos tecnol\u00f3gicos de pymes deben aclarar ahora hasta agosto"},"content":{"rendered":"<div style=\"display:inline-block;background:#F21F05;color:#fff;padding:4px 14px;border-radius:20px;font-size:0.85em;margin-bottom:18px;\">7 min de lectura<\/div>\n<p style=\"line-height:1.8;margin-bottom:24px;\"><strong>Desde el 6 de abril de 2026 entran en vigor las primeras prohibiciones vinculantes del Reglamento de IA de la UE. La puntuaci\u00f3n social por parte de los Estados, la IA manipuladora que socava la libertad de voluntad, el reconocimiento emocional en el lugar de trabajo y la vigilancia biom\u00e9trica masiva ya no ser\u00e1n permitidos en la UE. En caso de incumplimiento, se podr\u00e1n imponer multas de hasta 35 millones de euros o el 7 por ciento del volumen de negocio mundial. Seg\u00fan el gremio del sector Bitkom, los costes de cumplimiento para las empresas alemanas podr\u00edan ascender a hasta 20 mil millones de euros anuales. Fecha de referencia: 14 de abril de 2026.<\/strong><\/p>\n<div style=\"background:#202528;color:#fff;padding:32px 36px;margin:32px 0;border-radius:8px;\">\n<p style=\"margin:0 0 18px 0;font-size:0.95em;font-weight:800;text-transform:uppercase;letter-spacing:0.2em;color:#F21F05;border-bottom:2px solid rgba(242,31,5,0.25);padding-bottom:12px;\">Lo m\u00e1s importante en breve<\/p>\n<ul style=\"margin:0;padding-left:22px;color:rgba(255,255,255,0.92);line-height:1.6;\">\n<li style=\"margin-bottom:12px;\"><strong style=\"color:#F21F05;\">Prohibido a partir del 6 de abril de 2026:<\/strong> Puntuaci\u00f3n social por parte de las administraciones, IA manipuladora, reconocimiento emocional en el lugar de trabajo, categorizaci\u00f3n biom\u00e9trica en procesos de reclutamiento.<\/li>\n<li style=\"margin-bottom:12px;\"><strong style=\"color:#F21F05;\">Multas de hasta 35 millones de euros o el 7 por ciento del volumen de negocio anual:<\/strong> Esto supera el m\u00e1ximo de la GDPR (20 millones o el 4 por ciento).<\/li>\n<li style=\"\"><strong style=\"color:#F21F05;\">Pr\u00f3ximo hito: agosto de 2026:<\/strong> En esa fecha entrar\u00e1n en vigor las obligaciones de certificaci\u00f3n para sistemas de alto riesgo. Hasta entonces, deber\u00e1n crearse y clasificarse inventarios de IA.<\/li>\n<\/ul>\n<\/div>\n<p style=\"font-size:0.88em;color:#666;margin:20px 0 32px 0;border-top:1px solid #e5e5e5;border-bottom:1px solid #e5e5e5;padding:10px 0;\"><span style=\"color:#202528;font-weight:700;text-transform:uppercase;font-size:0.72em;letter-spacing:0.14em;margin-right:14px;\">Relacionado<\/span><a href=\"https:\/\/mybusinessfuture.com\/csrd-datenmodell-2026-mittelstand-esg-berichtspflicht\/\" style=\"color:#333;text-decoration:underline;\">Modelo de datos CSRD 2026 en pymes<\/a>&nbsp;&nbsp;<span style=\"color:#ccc;\">\/<\/span>&nbsp;&nbsp;<a href=\"https:\/\/mybusinessfuture.com\/medtech-mittelstand-mdr-nis2-pfas-regulierung-2026\/\" style=\"color:#333;text-decoration:underline;\">Tecnolog\u00eda m\u00e9dica en pymes: MDR, NIS2, PFAS<\/a><\/p>\n<p style=\"line-height:1.8;margin-bottom:24px;\">El reglamento se aplica de forma escalonada. Los art\u00edculos que entraron en vigor el 6 de abril afectan inicialmente a pr\u00e1cticas prohibidas. A partir de agosto de 2026 comienza el trabajo principal: los sistemas de IA de alto riesgo en gesti\u00f3n de personal, atenci\u00f3n sanitaria, educaci\u00f3n e infraestructuras cr\u00edticas deber\u00e1n ser certificados, documentados y supervisados. Entre medias quedan cuatro meses en los que cada empresa deber\u00e1 ordenar su entorno de IA.<\/p>\n<p style=\"line-height:1.8;margin-bottom:24px;\">La base jur\u00eddica oficial est\u00e1 disponible en la <a href=\"https:\/\/digital-strategy.ec.europa.eu\/en\/policies\/regulatory-framework-ai\" target=\"_blank\" rel=\"noopener\">web de la Comisi\u00f3n Europea<\/a>. Para quienes prefieren la acci\u00f3n a los documentos: lo siguiente no es una gu\u00eda de p\u00e1nico, sino una lista de comprobaci\u00f3n concreta que puede abordarse en tres sesiones con un equipo t\u00e9cnico.<\/p>\n<h2 style=\"padding-top:64px;margin-top:32px;margin-bottom:16px;\">Qu\u00e9 est\u00e1 prohibido exactamente desde el 6 de abril de 2026<\/h2>\n<p style=\"line-height:1.8;\">El reglamento enumera en el art\u00edculo 5 ocho pr\u00e1cticas que ya no ser\u00e1n permitidas en la UE. Tres de ellas son relevantes para la mayor\u00eda de las empresas. Primero: el reconocimiento emocional en el lugar de trabajo. Esto incluye sistemas que analizan el estado de \u00e1nimo de los empleados mediante c\u00e1maras, an\u00e1lisis de voz o patrones de escritura, incluso si los datos se eval\u00faan supuestamente solo de forma agregada. Muchas herramientas de centros de atenci\u00f3n y reclutamiento entran en esta categor\u00eda si ofrecen an\u00e1lisis emocional como funci\u00f3n.<\/p>\n<p style=\"line-height:1.8;\">Segundo: la categorizaci\u00f3n biom\u00e9trica para deducir caracter\u00edsticas sensibles como orientaci\u00f3n pol\u00edtica, sexualidad u religi\u00f3n. Las herramientas de an\u00e1lisis de redes sociales que enriquecen perfiles de clientes suelen hacerlo sin querer. Quienes utilicen cadenas publicitarias digitales con componentes de reconocimiento facial deben revisar estos sistemas.<\/p>\n<p style=\"line-height:1.8;\">Tercero: la IA manipuladora que socava la libertad de voluntad. La UE se refiere con esto principalmente a mecanismos de impulso inconscientes dirigidos a grupos vulnerables. El \u00e1mbito de aplicaci\u00f3n es estrecho, pero formulado con precisi\u00f3n. Las plataformas de comercio electr\u00f3nico con dise\u00f1os agresivos basados en patrones oscuros (dark patterns) entran en zona gris. Las autoridades supervisoras precisar\u00e1n su interpretaci\u00f3n durante los pr\u00f3ximos 18 meses.<\/p>\n<p style=\"line-height:1.8;\">La buena noticia: la puntuaci\u00f3n social por parte de las administraciones afecta a organismos p\u00fablicos y no es un tema para la mayor\u00eda de las empresas. La vigilancia biom\u00e9trica masiva afecta principalmente a servicios de seguridad. As\u00ed, la parte central de las nuevas prohibiciones incide en sistemas relacionados con recursos humanos y tecnolog\u00eda de marketing.<\/p>\n<h2 style=\"padding-top:64px;margin-top:32px;margin-bottom:16px;\">Qui\u00e9n est\u00e1 afectado: las cifras<\/h2>\n<p style=\"line-height:1.8;\">El alcance del reglamento es mayor de lo que muchos empresarios de pymes suponen. No solo est\u00e1n afectados los desarrolladores de IA. Cada empresa que utilice sistemas de IA \u2014incluso adquiridos externamente\u2014 tiene obligaciones como desplegadora (\u00abdeployer\u00bb). Esto incluye tambi\u00e9n productos SaaS que empleen internamente IA sin comunicarlo expl\u00edcitamente.<\/p>\n<div style=\"margin: 32px 0; display: flex; flex-wrap: wrap; gap: 12px;\">\n<div style=\"flex: 1; min-width: 160px; background: #1a1a1a; border-radius: 10px; padding: 24px 20px; color: #fff;\">\n<div style=\"font-size: 0.65em; text-transform: uppercase; letter-spacing: 1.5px; color: #F21F05; border-bottom: 2px solid #F21F05; padding-bottom: 8px; margin-bottom: 12px;\">SANCION M\u00c1XIMA<\/div>\n<div style=\"font-size: clamp(1.5em,5vw,2.4em); font-weight: 800; color: #fff; line-height: 1; white-space: nowrap;\">35 Mio \u20ac<\/div>\n<div style=\"font-size: 0.8em; margin-top: 8px; opacity: 0.8; line-height: 1.3;\">o el 7 por ciento del volumen de negocio anual<\/div>\n<\/div>\n<div style=\"flex: 1; min-width: 160px; background: #1a1a1a; border-radius: 10px; padding: 24px 20px; color: #fff;\">\n<div style=\"font-size: 0.65em; text-transform: uppercase; letter-spacing: 1.5px; color: #F21F05; border-bottom: 2px solid #F21F05; padding-bottom: 8px; margin-bottom: 12px;\">BITKOM<\/div>\n<div style=\"font-size: clamp(1.5em,5vw,2.4em); font-weight: 800; color: #fff; line-height: 1; white-space: nowrap;\">20.000 Mio \u20ac<\/div>\n<div style=\"font-size: 0.8em; margin-top: 8px; opacity: 0.8; line-height: 1.3;\">Costes de cumplimiento anuales en Alemania<\/div>\n<\/div>\n<div style=\"flex: 1; min-width: 160px; background: #1a1a1a; border-radius: 10px; padding: 24px 20px; color: #fff;\">\n<div style=\"font-size: 0.65em; text-transform: uppercase; letter-spacing: 1.5px; color: #F21F05; border-bottom: 2px solid #F21F05; padding-bottom: 8px; margin-bottom: 12px;\">AYUDAS<\/div>\n<div style=\"font-size: clamp(1.5em,5vw,2.4em); font-weight: 800; color: #fff; line-height: 1; white-space: nowrap;\">500 Mio \u20ac<\/div>\n<div style=\"font-size: 0.8em; margin-top: 8px; opacity: 0.8; line-height: 1.3;\">Programa federal de cumplimiento en IA<\/div>\n<\/div>\n<\/div>\n<p style=\"line-height:1.8;\">El sistema de sanciones es escalonado. Las infracciones contra las pr\u00e1cticas prohibidas (art\u00edculo 5) encabezan la lista con multas de hasta 35 millones de euros o el 7 por ciento del volumen de negocio. Las infracciones contra los requisitos de alto riesgo se sancionan con hasta 15 millones o el 3 por ciento. La documentaci\u00f3n incorrecta en modelos b\u00e1sicos conlleva multas de hasta 7,5 millones o el 1,5 por ciento. Paralelamente, el gobierno federal ha puesto en marcha un programa de ayudas de 500 millones de euros destinado a apoyar a las peque\u00f1as y medianas empresas en la implementaci\u00f3n del cumplimiento normativo.<\/p>\n<h2 style=\"padding-top:64px;margin-top:32px;margin-bottom:16px;\">Pros y contras de la implementaci\u00f3n operativa<\/h2>\n<p style=\"line-height:1.8;\">El reglamento presenta claras ventajas e inconvenientes para las empresas afectadas.<\/p>\n<div style=\"display:flex;gap:16px;margin:24px 0;flex-wrap:wrap;\">\n<div style=\"flex:1;min-width:280px;background:#f0fdf4;border-left:4px solid #16a34a;padding:20px;border-radius:4px;\">\n<strong style=\"color:#16a34a;\">Ventajas<\/strong><\/p>\n<ul>\n<li>Claridad jur\u00eddica uniforme en toda la UE para el uso de la IA, sustituyendo as\u00ed 27 interpretaciones nacionales.<\/li>\n<li>Ventaja competitiva para proveedores con una gobernanza rigurosa: la certificaci\u00f3n se convierte en un criterio de compra.<\/li>\n<li>Los programas de ayudas del gobierno federal (500 Mio) y EU-InvestAI (~20.000 Mio) reducen la carga de costes para las pymes.<\/li>\n<li>Fuerte impacto comunicativo externo: el cumplimiento normativo genera confianza entre clientes e inversores.<\/li>\n<\/ul>\n<\/div>\n<div style=\"flex:1;min-width:280px;background:#fef2f2;border-left:4px solid #dc2626;padding:20px;border-radius:4px;\">\n<strong style=\"color:#dc2626;\">Inconvenientes<\/strong><\/p>\n<ul>\n<li>La carga de documentaci\u00f3n es considerable, especialmente para sistemas de alto riesgo (origen de los datos, pruebas de sesgo del modelo, registros de cambios).<\/li>\n<li>La autoridad de supervisi\u00f3n alemana (Agencia Federal de Redes) a\u00fan est\u00e1 en fase de creaci\u00f3n, por lo que el asesoramiento jur\u00eddico es incierto.<\/li>\n<li>La definici\u00f3n de \u00abalto riesgo\u00bb es ambigua en casos l\u00edmite: muchos sistemas operan en zonas grises.<\/li>\n<li>Desventaja competitiva frente a proveedores estadounidenses y chinos que aprovechan las excepciones normativas de la UE.<\/li>\n<\/ul>\n<\/div>\n<\/div>\n<h2 style=\"padding-top:64px;margin-top:32px;margin-bottom:16px;\">Checklist operativa para los pr\u00f3ximos 4 meses<\/h2>\n<p style=\"line-height:1.8;\">Quien tenga aplicaciones de alto riesgo en su stack y quiera estar preparado para agosto de 2026 debe abordar tres bloques. El primero es la inventarizaci\u00f3n. Una lista completa de todos los sistemas de IA en la empresa, incluidas las componentes integradas y a menudo olvidadas: chatbots, motores de recomendaci\u00f3n, detecci\u00f3n de fraude, herramientas de cribado de RRHH, m\u00f3dulos de puntuaci\u00f3n en CRM. <a href=\"https:\/\/mybusinessfuture.com\/ki-agenten-erp-sap-microsoft-oracle-autonome-prozesse-mittelstand\/\">En los sistemas ERP modernos, los agentes de IA suelen pasar desapercibidos<\/a> y ahora deben clasificarse expl\u00edcitamente.<\/p>\n<p style=\"line-height:1.8;\">El segundo bloque es la clasificaci\u00f3n de riesgos. Para cada sistema, determinar su categor\u00eda seg\u00fan la AI Act: prohibido, alto riesgo, riesgo limitado, riesgo m\u00ednimo. La Comisi\u00f3n Europea publicar\u00e1 gu\u00edas, pero la interpretaci\u00f3n se ir\u00e1 precisando en los pr\u00f3ximos meses. Es recomendable actuar con cautela: en caso de duda, clasificar en una categor\u00eda superior. Una clasificaci\u00f3n de alto riesgo implica una carga de documentaci\u00f3n; una clasificaci\u00f3n err\u00f3nea por defecto puede costar hasta 15 millones de euros.<\/p>\n<p style=\"line-height:1.8;\">El tercer bloque es la documentaci\u00f3n. Para los sistemas de alto riesgo se requiere documentaci\u00f3n t\u00e9cnica (procedencia de los datos, metodolog\u00eda de entrenamiento, resultados de evaluaci\u00f3n), procesos de gesti\u00f3n de riesgos, supervisi\u00f3n humana y transparencia frente a los usuarios. Muchos de estos elementos coinciden con las <a href=\"https:\/\/mybusinessfuture.com\/csrd-datenmodell-2026-mittelstand-esg-berichtspflicht\/\">obligaciones de informe CSRD y modelos ESG existentes<\/a>, si la empresa ya los tiene bien implementados.<\/p>\n<h2 style=\"padding-top:64px;margin-top:32px;margin-bottom:16px;\">Qu\u00e9 es realista lograr hasta agosto y qu\u00e9 no<\/h2>\n<p style=\"line-height:1.8;\">Cuatro meses es un plazo ajustado. Para una empresa con entre diez y treinta sistemas de IA en funcionamiento, la inventarizaci\u00f3n es viable en ocho semanas si se dedica una persona exclusivamente a ello. La clasificaci\u00f3n y los primeros paquetes de documentaci\u00f3n necesitar\u00e1n entre seis y diez semanas m\u00e1s. Quien empiece el 15 de abril podr\u00e1 finalizar a finales de julio los sistemas de alto riesgo, justo antes del plazo l\u00edmite de agosto.<\/p>\n<p style=\"line-height:1.8;\">No es realista, en cambio, lograr la certificaci\u00f3n completa de todos los sistemas antes de agosto. Las primeras entidades externas de evaluaci\u00f3n de conformidad comenzar\u00e1n sus actividades a partir de junio. Para la mayor\u00eda de los sistemas de alto riesgo, hasta agosto ser\u00e1 suficiente con la documentaci\u00f3n y una declaraci\u00f3n interna de conformidad. La certificaci\u00f3n externa se realizar\u00e1 hasta finales de 2026 o principios de 2027. As\u00ed lo prev\u00e9n tambi\u00e9n las autoridades supervisoras: la introducci\u00f3n progresiva tiene en cuenta la escasez de recursos entre los organismos de certificaci\u00f3n.<\/p>\n<p style=\"line-height:1.8;\">Lo importante es la prioridad. Los sistemas que podr\u00edan caer en pr\u00e1cticas prohibidas son la prioridad n\u00famero uno, ya que conllevan las sanciones m\u00e1s altas y efectos inmediatos. En segundo lugar, los sistemas de alto riesgo en RRHH y contacto con clientes, por su alta visibilidad p\u00fablica. El resto puede organizarse con una hoja de ruta clara hasta finales de 2026. <a href=\"https:\/\/mybusinessfuture.com\/e-rechnung-2026-pflichtstart-mittelstand-praxis\/\">Al igual que con la obligatoriedad de facturaci\u00f3n electr\u00f3nica desde enero de 2025<\/a>, quien empiece pronto evitar\u00e1 cuellos de botella en la fecha l\u00edmite.<\/p>\n<h2 style=\"padding-top:64px;margin-top:32px;margin-bottom:16px;\">Qu\u00e9 papel juegan el programa federal y la financiaci\u00f3n de la UE<\/h2>\n<p style=\"line-height:1.8;\">En marzo de 2026, el gobierno federal lanz\u00f3 un programa de financiaci\u00f3n para el cumplimiento de la normativa de IA dotado con 500 millones de euros hasta 2028. Podr\u00e1n beneficiarse peque\u00f1as y medianas empresas con hasta 500 empleados que acrediten tener al menos un sistema de IA de alto riesgo en funcionamiento. Las ayudas cubren hasta el 50 por ciento de los costes de cumplimiento, con un m\u00e1ximo de 250.000 euros por empresa. El proceso de solicitud se realiza a trav\u00e9s de la BAFA, y las primeras resoluciones se esperan a partir de mayo de 2026.<\/p>\n<p style=\"line-height:1.8;\">Paralelamente, fluyen fondos europeos de la iniciativa InvestAI, con un volumen total de unos 20.000 millones de euros destinados a infraestructura e investigaci\u00f3n en IA. Parte de estos fondos beneficiar\u00e1 a las entidades de evaluaci\u00f3n de conformidad que realizan certificaciones. Para empresas con ambiciones internacionales, tambi\u00e9n merece la pena considerar los programas nacionales de financiaci\u00f3n en Francia (800 millones de euros) y los Pa\u00edses Bajos (275 millones de euros), que se implementar\u00e1n simult\u00e1neamente.<\/p>\n<p style=\"line-height:1.8;\">Un consejo pr\u00e1ctico: quien desee solicitar la financiaci\u00f3n debe documentar la inventarizaci\u00f3n de la IA en un formato estructurado. La BAFA exige en el proceso de solicitud un registro de los sistemas afectados, una clasificaci\u00f3n de riesgos y un plan de proyecto para la implementaci\u00f3n del cumplimiento. Quien ya lo tenga preparado para la conformidad con la AI Act, evitar\u00e1 trabajo duplicado.<\/p>\n<h2 style=\"padding-top:64px;margin-top:32px;margin-bottom:16px;\">Lo que los equipos t\u00e9cnicos deben construir ahora de forma concreta<\/h2>\n<p style=\"line-height:1.8;\">Desde el punto de vista t\u00e9cnico, el AI Act plantea tres nuevos requisitos que deben integrarse en los flujos de desarrollo existentes. Primero: un registro de modelos. Cada sistema de IA en producci\u00f3n necesita un ID \u00fanico, historial de versiones, trazabilidad de los datos de entrenamiento y estado de conformidad. Herramientas como MLflow, Weights and Biases o una base de datos sencilla con un esquema claramente definido son suficientes para empezar. Lo importante es que cada despliegue en producci\u00f3n genere una entrada.<\/p>\n<p style=\"line-height:1.8;\">Segundo: pruebas de sesgo e imparcialidad como parte de la canalizaci\u00f3n de integraci\u00f3n continua (CI). Para los sistemas de alto riesgo, deben realizarse y documentarse evaluaciones peri\u00f3dicas. Herramientas de c\u00f3digo abierto como Fairlearn, AIF360 o What-If Tool de Google pueden integrarse en las canalizaciones de pruebas existentes. El requisito no es una certificaci\u00f3n \u00fanica, sino una supervisi\u00f3n continua. Quien lo automatice tendr\u00e1 un esfuerzo inicial y luego lo ahorrar\u00e1.<\/p>\n<p style=\"line-height:1.8;\">Tercero: registro de auditor\u00eda para la supervisi\u00f3n humana. El AI Act exige que las personas puedan supervisar las decisiones de la IA y que sea posible anularlas. Cada sistema de alto riesgo necesita registros que permitan rastrear las decisiones: entrada, salida, marca de tiempo y n\u00famero de versi\u00f3n del modelo. Esto equivale estructuralmente a un registro de eventos como el que muchos equipos ya mantienen para monitorizaci\u00f3n y depuraci\u00f3n, solo que con plazos de conservaci\u00f3n m\u00e1s largos.<\/p>\n<p style=\"line-height:1.8;\">En la pr\u00e1ctica: estos tres requisitos pueden implementarse de forma escalonada. En las primeras dos semanas, basta con un registro de modelos basado en hojas de c\u00e1lculo para completar r\u00e1pidamente el inventario. Despu\u00e9s sigue la migraci\u00f3n a una herramienta m\u00e1s robusta. Las pruebas de sesgo deber\u00edan integrarse idealmente en un sistema de CI existente (GitHub Actions, GitLab CI, Jenkins) como una verificaci\u00f3n adicional, no como un sistema nuevo. Los registros de auditor\u00eda aprovechan la infraestructura de observabilidad ya existente, si est\u00e1 disponible.<\/p>\n<p style=\"line-height:1.8;\">El error m\u00e1s com\u00fan en las primeras fases de proyectos de cumplimiento es el sobreingenier\u00eda. Los equipos construyen nuevas herramientas especializadas para la gobernanza de IA, aunque muchos requisitos podr\u00edan cubrirse con componentes existentes. Un procedimiento claro de revisi\u00f3n de c\u00f3digo, procesos de despliegue bien definidos y paneles de monitorizaci\u00f3n estructurados ya cubren entre el 60 y el 70 por ciento de los requisitos t\u00e9cnicos. El 30 por ciento restante corresponde a documentaci\u00f3n y procesos de gobernanza, es decir, trabajo organizativo, no t\u00e9cnico.<\/p>\n<p style=\"line-height:1.8;\">Un \u00faltimo apunte sobre la priorizaci\u00f3n: los mayores beneficios en eficiencia se logran al integrar la gobernanza de IA con los procesos existentes de cumplimiento IT. ISO 27001, el registro de actividades de tratamiento del RGPD, TISAX o SOC 2 \u2014todos estos marcos comparten puntos en com\u00fan con los requisitos del AI Act. Quien construya un marco de cumplimiento integrado, en lugar de mantener documentaci\u00f3n separada para cada norma, ahorrar\u00e1 a largo plazo entre el 40 y el 60 por ciento del esfuerzo. Aqu\u00ed reside la ventaja organizativa, no en la tecnolog\u00eda.<\/p>\n<h2 style=\"padding-top:64px;margin-top:32px;margin-bottom:16px;\">Preguntas frecuentes<\/h2>\n<details style=\"border:1px solid #e9ecef;border-radius:6px;background:#f8f9fa;margin-bottom:8px;\">\n<summary style=\"padding:14px 18px;cursor:pointer;font-weight:600;\"><strong>\u00bfSe aplica el Acta de IA de la UE tambi\u00e9n a proveedores estadounidenses como OpenAI o Anthropic?<\/strong><\/summary>\n<p style=\"padding:14px 20px 18px;color:#495057;line-height:1.7;\">S\u00ed. La normativa se aplica territorialmente: en cuanto un sistema de IA se ofrezca en el mercado de la UE o su resultado se utilice en la UE, ser\u00e1n aplicables las reglas. Los proveedores estadounidenses ya han anunciado productos conformes con la UE para 2026, en parte con funcionalidades distintas a las del mercado estadounidense.<\/p>\n<\/details>\n<details style=\"border:1px solid #e9ecef;border-radius:6px;background:#f8f9fa;margin-bottom:8px;\">\n<summary style=\"padding:14px 18px;cursor:pointer;font-weight:600;\"><strong>\u00bfQui\u00e9n supervisa el cumplimiento en Alemania?<\/strong><\/summary>\n<p style=\"padding:14px 20px 18px;color:#495057;line-height:1.7;\">La Agencia Federal de Redes (Bundesnetzagentur) asume la coordinaci\u00f3n, mientras que las autoridades supervisoras sectoriales (BaFin, BfArM, autoridades de protecci\u00f3n de datos) mantienen sus competencias existentes en sus respectivos \u00e1mbitos. La estructura a\u00fan est\u00e1 en desarrollo, por lo que no se espera una pr\u00e1ctica uniforme en 2026.<\/p>\n<\/details>\n<details style=\"border:1px solid #e9ecef;border-radius:6px;background:#f8f9fa;margin-bottom:8px;\">\n<summary style=\"padding:14px 18px;cursor:pointer;font-weight:600;\"><strong>\u00bfQu\u00e9 ocurre con los sistemas de IA existentes que ya estaban en uso antes del 6 de abril?<\/strong><\/summary>\n<p style=\"padding:14px 20px 18px;color:#495057;line-height:1.7;\">La protecci\u00f3n del stock existente es limitada. Las pr\u00e1cticas prohibidas deben cesar inmediatamente. Los sistemas de alto riesgo tienen hasta agosto de 2027 para cumplir plenamente, siempre que hayan sido puestos en circulaci\u00f3n antes del 2 de agosto de 2026. Los nuevos sistemas introducidos tras esa fecha deben cumplir desde el inicio.<\/p>\n<\/details>\n<details style=\"border:1px solid #e9ecef;border-radius:6px;background:#f8f9fa;margin-bottom:8px;\">\n<summary style=\"padding:14px 18px;cursor:pointer;font-weight:600;\"><strong>\u00bfCu\u00e1les son los costes realistas para una empresa de tama\u00f1o medio?<\/strong><\/summary>\n<p style=\"padding:14px 20px 18px;color:#495057;line-height:1.7;\">Bitkom estima los costes totales anuales para las empresas alemanas en 20.000 millones de euros. Para una empresa con 500 empleados y un uso medio de IA, los costes iniciales de cumplimiento se sit\u00faan entre 80.000 y 250.000 euros, m\u00e1s costes anuales de documentaci\u00f3n entre 30.000 y 70.000 euros. El programa federal cubre hasta el 50 por ciento.<\/p>\n<\/details>\n<details style=\"border:1px solid #e9ecef;border-radius:6px;background:#f8f9fa;margin-bottom:8px;\">\n<summary style=\"padding:14px 18px;cursor:pointer;font-weight:600;\"><strong>\u00bfExisten excepciones para la investigaci\u00f3n y el desarrollo?<\/strong><\/summary>\n<p style=\"padding:14px 20px 18px;color:#495057;line-height:1.7;\">S\u00ed. La normativa incluye privilegios para la investigaci\u00f3n: los sistemas de IA utilizados en proyectos de investigaci\u00f3n antes de su entrada al mercado est\u00e1n ampliamente exentos. No obstante, cuando se realice pruebas del producto con usuarios finales, se aplicar\u00e1n las obligaciones habituales. Las cajas regulatorias (regulatory sandboxes) de los Estados miembros de la UE ofrecen espacios adicionales para experimentar.<\/p>\n<\/details>\n<div style=\"margin:40px 0;padding:0;border-top:2px solid #202528;\">\n<p style=\"margin:0;padding:16px 0 8px 0;font-size:0.78em;font-weight:700;text-transform:uppercase;letter-spacing:0.18em;color:#202528;\">Recomendaciones de lectura de la redacci\u00f3n<\/p>\n<ul style=\"list-style:none;margin:0;padding:0;\">\n<li style=\"padding:10px 0;border-bottom:1px solid #eee;\"><a href=\"https:\/\/mybusinessfuture.com\/csrd-datenmodell-2026-mittelstand-esg-berichtspflicht\/\" style=\"color:#1a1a1a;text-decoration:none;\">Modelo de datos CSRD 2026: obligaci\u00f3n de informar sobre ESG en pymes<\/a><\/li>\n<li style=\"padding:10px 0;border-bottom:1px solid #eee;\"><a href=\"https:\/\/mybusinessfuture.com\/nis2-umsetzung-mittelstand-pflichten-bussgeld-haftung-2026\/\" style=\"color:#1a1a1a;text-decoration:none;\">Implementaci\u00f3n de NIS2: lista de verificaci\u00f3n para pymes<\/a><\/li>\n<li style=\"padding:10px 0;\"><a href=\"https:\/\/mybusinessfuture.com\/pharma-serialisierung-fmd-revision-it-supply-chain-2026\/\" style=\"color:#1a1a1a;text-decoration:none;\">Serializaci\u00f3n farmac\u00e9utica: revisi\u00f3n de la FMD para TI y cadena de suministro<\/a><\/li>\n<\/ul>\n<\/div>\n<div style=\"margin:40px 0 24px 0;\">\n<p style=\"margin:0 0 12px 0;font-size:0.78em;font-weight:700;text-transform:uppercase;letter-spacing:0.18em;color:#666;\">M\u00e1s contenido de la red MBF Media<\/p>\n<div style=\"padding:14px 18px;border-left:3px solid #0bb7fd;background:#fafafa;margin-bottom:6px;\">\n<div style=\"font-size:0.7em;font-weight:700;color:#0bb7fd;text-transform:uppercase;letter-spacing:0.12em;margin-bottom:4px;\">cloudmagazin<\/div>\n<p><a href=\"https:\/\/www.cloudmagazin.com\/2026\/04\/14\/aws-und-google-cloud-starten-gemeinsame-multicloud-preview-was-das-fuer-dach-it-teams-bedeutet\/\" style=\"font-weight:600;line-height:1.4;color:#1a1a1a;text-decoration:none;\">AWS y Google Cloud lanzan vista previa conjunta de multicloud<\/a>\n<\/div>\n<div style=\"padding:14px 18px;border-left:3px solid #69d8ed;background:#fafafa;margin-bottom:6px;\">\n<div style=\"font-size:0.7em;font-weight:700;color:#69d8ed;text-transform:uppercase;letter-spacing:0.12em;margin-bottom:4px;\">securitytoday<\/div>\n<p><a href=\"https:\/\/www.securitytoday.de\/2026\/04\/13\/nis2-meldewege-bsi-datenschutz-versicherer-2026\/\" style=\"font-weight:600;line-height:1.4;color:#1a1a1a;text-decoration:none;\">NIS2 en situaci\u00f3n real 2026: comparaci\u00f3n de tres v\u00edas de notificaci\u00f3n<\/a>\n<\/div>\n<div style=\"padding:14px 18px;border-left:3px solid #d65663;background:#fafafa;\">\n<div style=\"font-size:0.7em;font-weight:700;color:#d65663;text-transform:uppercase;letter-spacing:0.12em;margin-bottom:4px;\">digital-chiefs<\/div>\n<p><a href=\"https:\/\/www.digital-chiefs.de\/chief-ai-officer-2026-rolle-mandat-governance\/\" style=\"font-weight:600;line-height:1.4;color:#1a1a1a;text-decoration:none;\">Chief AI Officer 2026: \u00bfUn cargo real o una moda entre los ejecutivos?<\/a>\n<\/div>\n<\/div>\n<p style=\"text-align: right;\"><em>Fuente imagen principal: Pexels \/ Jonas Horsch (px:11682403)<\/em><\/p>\n","protected":false},"excerpt":{"rendered":"<p>Desde el 6 de abril de 2026 entran en vigor las primeras prohibiciones del Acta sobre IA de la UE. Qu\u00e9 se debe hacer hasta la fase de alto riesgo en agosto: lista de verificaci\u00f3n operativa.<\/p>\n","protected":false},"author":182,"featured_media":97294,"comment_status":"closed","ping_status":"closed","sticky":false,"template":"","format":"standard","meta":{"_acf_changed":false,"_yoast_wpseo_focuskw":"","_yoast_wpseo_title":"","_yoast_wpseo_metadesc":"El Acta de IA de la UE est\u00e1 en vigor desde el 6 de abril. Qu\u00e9 pr\u00e1cticas de IA est\u00e1n prohibidas, cu\u00e1nto cuestan las multas y c\u00f3mo deben prepararse las empresas para agosto.","_yoast_wpseo_meta-robots-noindex":"","_yoast_wpseo_meta-robots-nofollow":"","_yoast_wpseo_meta-robots-adv":"","_yoast_wpseo_canonical":"","_yoast_wpseo_opengraph-title":"","_yoast_wpseo_opengraph-description":"","_yoast_wpseo_opengraph-image":"","_yoast_wpseo_opengraph-image-id":"","_yoast_wpseo_twitter-title":"","_yoast_wpseo_twitter-description":"","_yoast_wpseo_twitter-image":"","_yoast_wpseo_twitter-image-id":"","featured_post_sortierung":0,"featured_post":0,"pre_headline":"","bildquelle":"","teasertext":"","language":"de","footnotes":""},"categories":[1161,2241,2027],"tags":[],"class_list":["post-97618","post","type-post","status-publish","format-standard","has-post-thumbnail","hentry","category-corporate-finance","category-inteligencia-artificial","category-kuenstliche-intelligenz","entry"],"wpml_language":"es","wpml_translation_of":97286,"acf":[],"yoast_head":"<!-- This site is optimized with the Yoast SEO plugin v26.9 - https:\/\/yoast.com\/product\/yoast-seo-wordpress\/ -->\n<title>El Acta de IA de la UE entra en vigor desde el 6 de abril de 2026: lo que los equipos tecnol\u00f3gicos de pymes deben aclarar ahora hasta agosto - MyBusinessFuture<\/title>\n<meta name=\"description\" content=\"El Acta de IA de la UE est\u00e1 en vigor desde el 6 de abril. Qu\u00e9 pr\u00e1cticas de IA est\u00e1n prohibidas, cu\u00e1nto cuestan las multas y c\u00f3mo deben prepararse las empresas para agosto.\" \/>\n<meta name=\"robots\" content=\"index, follow, max-snippet:-1, max-image-preview:large, max-video-preview:-1\" \/>\n<link rel=\"canonical\" href=\"https:\/\/mybusinessfuture.com\/es\/el-acta-de-ia-de-la-ue-entra-en-vigor-desde-el-6-de-abril-de\/\" \/>\n<meta property=\"og:locale\" content=\"es_ES\" \/>\n<meta property=\"og:type\" content=\"article\" \/>\n<meta property=\"og:title\" content=\"El Acta de IA de la UE entra en vigor desde el 6 de abril de 2026: lo que los equipos tecnol\u00f3gicos de pymes deben aclarar ahora hasta agosto - MyBusinessFuture\" \/>\n<meta property=\"og:description\" content=\"El Acta de IA de la UE est\u00e1 en vigor desde el 6 de abril. Qu\u00e9 pr\u00e1cticas de IA est\u00e1n prohibidas, cu\u00e1nto cuestan las multas y c\u00f3mo deben prepararse las empresas para agosto.\" \/>\n<meta property=\"og:url\" content=\"https:\/\/mybusinessfuture.com\/es\/el-acta-de-ia-de-la-ue-entra-en-vigor-desde-el-6-de-abril-de\/\" \/>\n<meta property=\"og:site_name\" content=\"MyBusinessFuture\" \/>\n<meta property=\"article:publisher\" content=\"https:\/\/www.facebook.com\/MyBusinessFuture\" \/>\n<meta property=\"article:published_time\" content=\"2026-04-22T13:57:22+00:00\" \/>\n<meta property=\"og:image\" content=\"https:\/\/mybusinessfuture.com\/wp-content\/uploads\/2026\/04\/mbf-eu-ai-act-parliament.jpg\" \/>\n\t<meta property=\"og:image:width\" content=\"1880\" \/>\n\t<meta property=\"og:image:height\" content=\"1253\" \/>\n\t<meta property=\"og:image:type\" content=\"image\/jpeg\" \/>\n<meta name=\"author\" content=\"Adrian Garcia-Kunz\" \/>\n<meta name=\"twitter:card\" content=\"summary_large_image\" \/>\n<meta name=\"twitter:creator\" content=\"@mbusinessfuture\" \/>\n<meta name=\"twitter:site\" content=\"@mbusinessfuture\" \/>\n<meta name=\"twitter:label1\" content=\"Escrito por\" \/>\n\t<meta name=\"twitter:data1\" content=\"Adrian Garcia-Kunz\" \/>\n\t<meta name=\"twitter:label2\" content=\"Tiempo de lectura\" \/>\n\t<meta name=\"twitter:data2\" content=\"14 minutos\" \/>\n<script type=\"application\/ld+json\" class=\"yoast-schema-graph\">{\"@context\":\"https:\/\/schema.org\",\"@graph\":[{\"@type\":\"NewsArticle\",\"@id\":\"https:\/\/mybusinessfuture.com\/el-acta-de-ia-de-la-ue-entra-en-vigor-desde-el-6-de-abril-de\/#article\",\"isPartOf\":{\"@id\":\"https:\/\/mybusinessfuture.com\/el-acta-de-ia-de-la-ue-entra-en-vigor-desde-el-6-de-abril-de\/\"},\"author\":{\"name\":\"Adrian Garcia-Kunz\",\"@id\":\"https:\/\/mybusinessfuture.com\/#\/schema\/person\/0b45f122199986cd35edc7e1347509b2\"},\"headline\":\"El Acta de IA de la UE entra en vigor desde el 6 de abril de 2026: lo que los equipos tecnol\u00f3gicos de pymes deben aclarar ahora hasta agosto\",\"datePublished\":\"2026-04-22T13:57:22+00:00\",\"mainEntityOfPage\":{\"@id\":\"https:\/\/mybusinessfuture.com\/el-acta-de-ia-de-la-ue-entra-en-vigor-desde-el-6-de-abril-de\/\"},\"wordCount\":2783,\"publisher\":{\"@id\":\"https:\/\/mybusinessfuture.com\/#organization\"},\"image\":{\"@id\":\"https:\/\/mybusinessfuture.com\/el-acta-de-ia-de-la-ue-entra-en-vigor-desde-el-6-de-abril-de\/#primaryimage\"},\"thumbnailUrl\":\"https:\/\/mybusinessfuture.com\/wp-content\/uploads\/2026\/04\/mbf-eu-ai-act-parliament.jpg\",\"articleSection\":[\"Corporate &amp; Finance\",\"Inteligencia Artificial\",\"K\u00fcnstliche Intelligenz\"],\"inLanguage\":\"es\"},{\"@type\":\"WebPage\",\"@id\":\"https:\/\/mybusinessfuture.com\/el-acta-de-ia-de-la-ue-entra-en-vigor-desde-el-6-de-abril-de\/\",\"url\":\"https:\/\/mybusinessfuture.com\/el-acta-de-ia-de-la-ue-entra-en-vigor-desde-el-6-de-abril-de\/\",\"name\":\"El Acta de IA de la UE entra en vigor desde el 6 de abril de 2026: lo que los equipos tecnol\u00f3gicos de pymes deben aclarar ahora hasta agosto - MyBusinessFuture\",\"isPartOf\":{\"@id\":\"https:\/\/mybusinessfuture.com\/#website\"},\"primaryImageOfPage\":{\"@id\":\"https:\/\/mybusinessfuture.com\/el-acta-de-ia-de-la-ue-entra-en-vigor-desde-el-6-de-abril-de\/#primaryimage\"},\"image\":{\"@id\":\"https:\/\/mybusinessfuture.com\/el-acta-de-ia-de-la-ue-entra-en-vigor-desde-el-6-de-abril-de\/#primaryimage\"},\"thumbnailUrl\":\"https:\/\/mybusinessfuture.com\/wp-content\/uploads\/2026\/04\/mbf-eu-ai-act-parliament.jpg\",\"datePublished\":\"2026-04-22T13:57:22+00:00\",\"description\":\"El Acta de IA de la UE est\u00e1 en vigor desde el 6 de abril. Qu\u00e9 pr\u00e1cticas de IA est\u00e1n prohibidas, cu\u00e1nto cuestan las multas y c\u00f3mo deben prepararse las empresas para agosto.\",\"breadcrumb\":{\"@id\":\"https:\/\/mybusinessfuture.com\/el-acta-de-ia-de-la-ue-entra-en-vigor-desde-el-6-de-abril-de\/#breadcrumb\"},\"inLanguage\":\"es\",\"potentialAction\":[{\"@type\":\"ReadAction\",\"target\":[\"https:\/\/mybusinessfuture.com\/el-acta-de-ia-de-la-ue-entra-en-vigor-desde-el-6-de-abril-de\/\"]}]},{\"@type\":\"ImageObject\",\"inLanguage\":\"es\",\"@id\":\"https:\/\/mybusinessfuture.com\/el-acta-de-ia-de-la-ue-entra-en-vigor-desde-el-6-de-abril-de\/#primaryimage\",\"url\":\"https:\/\/mybusinessfuture.com\/wp-content\/uploads\/2026\/04\/mbf-eu-ai-act-parliament.jpg\",\"contentUrl\":\"https:\/\/mybusinessfuture.com\/wp-content\/uploads\/2026\/04\/mbf-eu-ai-act-parliament.jpg\",\"width\":1880,\"height\":1253,\"caption\":\"Quelle: Pexels \/ Jonas Horsch (px:11682403)\"},{\"@type\":\"BreadcrumbList\",\"@id\":\"https:\/\/mybusinessfuture.com\/el-acta-de-ia-de-la-ue-entra-en-vigor-desde-el-6-de-abril-de\/#breadcrumb\",\"itemListElement\":[{\"@type\":\"ListItem\",\"position\":1,\"name\":\"Startseite\",\"item\":\"https:\/\/mybusinessfuture.com\/\"},{\"@type\":\"ListItem\",\"position\":2,\"name\":\"El Acta de IA de la UE entra en vigor desde el 6 de abril de 2026: lo que los equipos tecnol\u00f3gicos de pymes deben aclarar ahora hasta agosto\"}]},{\"@type\":\"WebSite\",\"@id\":\"https:\/\/mybusinessfuture.com\/#website\",\"url\":\"https:\/\/mybusinessfuture.com\/\",\"name\":\"MyBusinessFuture\",\"description\":\"B2B-Magazin f\u00fcr Digitalisierung, KI und Business-Innovation \u2014 Fachartikel f\u00fcr IT-Entscheider im DACH-Raum\",\"publisher\":{\"@id\":\"https:\/\/mybusinessfuture.com\/#organization\"},\"potentialAction\":[{\"@type\":\"SearchAction\",\"target\":{\"@type\":\"EntryPoint\",\"urlTemplate\":\"https:\/\/mybusinessfuture.com\/?s={search_term_string}\"},\"query-input\":{\"@type\":\"PropertyValueSpecification\",\"valueRequired\":true,\"valueName\":\"search_term_string\"}}],\"inLanguage\":\"es\"},{\"@type\":\"Organization\",\"@id\":\"https:\/\/mybusinessfuture.com\/#organization\",\"name\":\"MyBusinessFuture\",\"url\":\"https:\/\/mybusinessfuture.com\/\",\"logo\":{\"@type\":\"ImageObject\",\"inLanguage\":\"es\",\"@id\":\"https:\/\/mybusinessfuture.com\/#\/schema\/logo\/image\/\",\"url\":\"https:\/\/mybusinessfuture.com\/wp-content\/uploads\/2020\/10\/MBF-logo-schwarz.png\",\"contentUrl\":\"https:\/\/mybusinessfuture.com\/wp-content\/uploads\/2020\/10\/MBF-logo-schwarz.png\",\"width\":398,\"height\":241,\"caption\":\"MyBusinessFuture\"},\"image\":{\"@id\":\"https:\/\/mybusinessfuture.com\/#\/schema\/logo\/image\/\"},\"sameAs\":[\"https:\/\/www.facebook.com\/MyBusinessFuture\",\"https:\/\/x.com\/mbusinessfuture\",\"https:\/\/www.linkedin.com\/showcase\/mybusinessfuture\/\"]},{\"@type\":\"Person\",\"@id\":\"https:\/\/mybusinessfuture.com\/#\/schema\/person\/0b45f122199986cd35edc7e1347509b2\",\"name\":\"Adrian Garcia-Kunz\",\"description\":\"Adri\u00e1n Garc\u00eda-Kunz es editor en MBF Media y escribe sobre desarrollo web, arquitectura de software e infraestructura digital. Con experiencia en desarrollo full-stack y tecnolog\u00edas nativas de la nube, aporta profundidad t\u00e9cnica a temas complejos de TI. Su enfoque se centra en tendencias que afectan tanto a equipos de desarrolladores como a tomadores de decisiones en TI: desde frameworks modernos hasta estrategias DevOps y desarrollo de software impulsado por IA.\",\"url\":\"https:\/\/mybusinessfuture.com\/es\/experte\/adrianninebrackets\/\"}]}<\/script>\n<!-- \/ Yoast SEO plugin. -->","yoast_head_json":{"title":"El Acta de IA de la UE entra en vigor desde el 6 de abril de 2026: lo que los equipos tecnol\u00f3gicos de pymes deben aclarar ahora hasta agosto - MyBusinessFuture","description":"El Acta de IA de la UE est\u00e1 en vigor desde el 6 de abril. Qu\u00e9 pr\u00e1cticas de IA est\u00e1n prohibidas, cu\u00e1nto cuestan las multas y c\u00f3mo deben prepararse las empresas para agosto.","robots":{"index":"index","follow":"follow","max-snippet":"max-snippet:-1","max-image-preview":"max-image-preview:large","max-video-preview":"max-video-preview:-1"},"canonical":"https:\/\/mybusinessfuture.com\/es\/el-acta-de-ia-de-la-ue-entra-en-vigor-desde-el-6-de-abril-de\/","og_locale":"es_ES","og_type":"article","og_title":"El Acta de IA de la UE entra en vigor desde el 6 de abril de 2026: lo que los equipos tecnol\u00f3gicos de pymes deben aclarar ahora hasta agosto - MyBusinessFuture","og_description":"El Acta de IA de la UE est\u00e1 en vigor desde el 6 de abril. Qu\u00e9 pr\u00e1cticas de IA est\u00e1n prohibidas, cu\u00e1nto cuestan las multas y c\u00f3mo deben prepararse las empresas para agosto.","og_url":"https:\/\/mybusinessfuture.com\/es\/el-acta-de-ia-de-la-ue-entra-en-vigor-desde-el-6-de-abril-de\/","og_site_name":"MyBusinessFuture","article_publisher":"https:\/\/www.facebook.com\/MyBusinessFuture","article_published_time":"2026-04-22T13:57:22+00:00","og_image":[{"width":1880,"height":1253,"url":"https:\/\/mybusinessfuture.com\/wp-content\/uploads\/2026\/04\/mbf-eu-ai-act-parliament.jpg","type":"image\/jpeg"}],"author":"Adrian Garcia-Kunz","twitter_card":"summary_large_image","twitter_creator":"@mbusinessfuture","twitter_site":"@mbusinessfuture","twitter_misc":{"Escrito por":"Adrian Garcia-Kunz","Tiempo de lectura":"14 minutos"},"schema":{"@context":"https:\/\/schema.org","@graph":[{"@type":"NewsArticle","@id":"https:\/\/mybusinessfuture.com\/el-acta-de-ia-de-la-ue-entra-en-vigor-desde-el-6-de-abril-de\/#article","isPartOf":{"@id":"https:\/\/mybusinessfuture.com\/el-acta-de-ia-de-la-ue-entra-en-vigor-desde-el-6-de-abril-de\/"},"author":{"name":"Adrian Garcia-Kunz","@id":"https:\/\/mybusinessfuture.com\/#\/schema\/person\/0b45f122199986cd35edc7e1347509b2"},"headline":"El Acta de IA de la UE entra en vigor desde el 6 de abril de 2026: lo que los equipos tecnol\u00f3gicos de pymes deben aclarar ahora hasta agosto","datePublished":"2026-04-22T13:57:22+00:00","mainEntityOfPage":{"@id":"https:\/\/mybusinessfuture.com\/el-acta-de-ia-de-la-ue-entra-en-vigor-desde-el-6-de-abril-de\/"},"wordCount":2783,"publisher":{"@id":"https:\/\/mybusinessfuture.com\/#organization"},"image":{"@id":"https:\/\/mybusinessfuture.com\/el-acta-de-ia-de-la-ue-entra-en-vigor-desde-el-6-de-abril-de\/#primaryimage"},"thumbnailUrl":"https:\/\/mybusinessfuture.com\/wp-content\/uploads\/2026\/04\/mbf-eu-ai-act-parliament.jpg","articleSection":["Corporate &amp; Finance","Inteligencia Artificial","K\u00fcnstliche Intelligenz"],"inLanguage":"es"},{"@type":"WebPage","@id":"https:\/\/mybusinessfuture.com\/el-acta-de-ia-de-la-ue-entra-en-vigor-desde-el-6-de-abril-de\/","url":"https:\/\/mybusinessfuture.com\/el-acta-de-ia-de-la-ue-entra-en-vigor-desde-el-6-de-abril-de\/","name":"El Acta de IA de la UE entra en vigor desde el 6 de abril de 2026: lo que los equipos tecnol\u00f3gicos de pymes deben aclarar ahora hasta agosto - MyBusinessFuture","isPartOf":{"@id":"https:\/\/mybusinessfuture.com\/#website"},"primaryImageOfPage":{"@id":"https:\/\/mybusinessfuture.com\/el-acta-de-ia-de-la-ue-entra-en-vigor-desde-el-6-de-abril-de\/#primaryimage"},"image":{"@id":"https:\/\/mybusinessfuture.com\/el-acta-de-ia-de-la-ue-entra-en-vigor-desde-el-6-de-abril-de\/#primaryimage"},"thumbnailUrl":"https:\/\/mybusinessfuture.com\/wp-content\/uploads\/2026\/04\/mbf-eu-ai-act-parliament.jpg","datePublished":"2026-04-22T13:57:22+00:00","description":"El Acta de IA de la UE est\u00e1 en vigor desde el 6 de abril. Qu\u00e9 pr\u00e1cticas de IA est\u00e1n prohibidas, cu\u00e1nto cuestan las multas y c\u00f3mo deben prepararse las empresas para agosto.","breadcrumb":{"@id":"https:\/\/mybusinessfuture.com\/el-acta-de-ia-de-la-ue-entra-en-vigor-desde-el-6-de-abril-de\/#breadcrumb"},"inLanguage":"es","potentialAction":[{"@type":"ReadAction","target":["https:\/\/mybusinessfuture.com\/el-acta-de-ia-de-la-ue-entra-en-vigor-desde-el-6-de-abril-de\/"]}]},{"@type":"ImageObject","inLanguage":"es","@id":"https:\/\/mybusinessfuture.com\/el-acta-de-ia-de-la-ue-entra-en-vigor-desde-el-6-de-abril-de\/#primaryimage","url":"https:\/\/mybusinessfuture.com\/wp-content\/uploads\/2026\/04\/mbf-eu-ai-act-parliament.jpg","contentUrl":"https:\/\/mybusinessfuture.com\/wp-content\/uploads\/2026\/04\/mbf-eu-ai-act-parliament.jpg","width":1880,"height":1253,"caption":"Quelle: Pexels \/ Jonas Horsch (px:11682403)"},{"@type":"BreadcrumbList","@id":"https:\/\/mybusinessfuture.com\/el-acta-de-ia-de-la-ue-entra-en-vigor-desde-el-6-de-abril-de\/#breadcrumb","itemListElement":[{"@type":"ListItem","position":1,"name":"Startseite","item":"https:\/\/mybusinessfuture.com\/"},{"@type":"ListItem","position":2,"name":"El Acta de IA de la UE entra en vigor desde el 6 de abril de 2026: lo que los equipos tecnol\u00f3gicos de pymes deben aclarar ahora hasta agosto"}]},{"@type":"WebSite","@id":"https:\/\/mybusinessfuture.com\/#website","url":"https:\/\/mybusinessfuture.com\/","name":"MyBusinessFuture","description":"B2B-Magazin f\u00fcr Digitalisierung, KI und Business-Innovation \u2014 Fachartikel f\u00fcr IT-Entscheider im DACH-Raum","publisher":{"@id":"https:\/\/mybusinessfuture.com\/#organization"},"potentialAction":[{"@type":"SearchAction","target":{"@type":"EntryPoint","urlTemplate":"https:\/\/mybusinessfuture.com\/?s={search_term_string}"},"query-input":{"@type":"PropertyValueSpecification","valueRequired":true,"valueName":"search_term_string"}}],"inLanguage":"es"},{"@type":"Organization","@id":"https:\/\/mybusinessfuture.com\/#organization","name":"MyBusinessFuture","url":"https:\/\/mybusinessfuture.com\/","logo":{"@type":"ImageObject","inLanguage":"es","@id":"https:\/\/mybusinessfuture.com\/#\/schema\/logo\/image\/","url":"https:\/\/mybusinessfuture.com\/wp-content\/uploads\/2020\/10\/MBF-logo-schwarz.png","contentUrl":"https:\/\/mybusinessfuture.com\/wp-content\/uploads\/2020\/10\/MBF-logo-schwarz.png","width":398,"height":241,"caption":"MyBusinessFuture"},"image":{"@id":"https:\/\/mybusinessfuture.com\/#\/schema\/logo\/image\/"},"sameAs":["https:\/\/www.facebook.com\/MyBusinessFuture","https:\/\/x.com\/mbusinessfuture","https:\/\/www.linkedin.com\/showcase\/mybusinessfuture\/"]},{"@type":"Person","@id":"https:\/\/mybusinessfuture.com\/#\/schema\/person\/0b45f122199986cd35edc7e1347509b2","name":"Adrian Garcia-Kunz","description":"Adri\u00e1n Garc\u00eda-Kunz es editor en MBF Media y escribe sobre desarrollo web, arquitectura de software e infraestructura digital. Con experiencia en desarrollo full-stack y tecnolog\u00edas nativas de la nube, aporta profundidad t\u00e9cnica a temas complejos de TI. Su enfoque se centra en tendencias que afectan tanto a equipos de desarrolladores como a tomadores de decisiones en TI: desde frameworks modernos hasta estrategias DevOps y desarrollo de software impulsado por IA.","url":"https:\/\/mybusinessfuture.com\/es\/experte\/adrianninebrackets\/"}]}},"_links":{"self":[{"href":"https:\/\/mybusinessfuture.com\/es\/wp-json\/wp\/v2\/posts\/97618","targetHints":{"allow":["GET"]}}],"collection":[{"href":"https:\/\/mybusinessfuture.com\/es\/wp-json\/wp\/v2\/posts"}],"about":[{"href":"https:\/\/mybusinessfuture.com\/es\/wp-json\/wp\/v2\/types\/post"}],"author":[{"embeddable":true,"href":"https:\/\/mybusinessfuture.com\/es\/wp-json\/wp\/v2\/users\/182"}],"replies":[{"embeddable":true,"href":"https:\/\/mybusinessfuture.com\/es\/wp-json\/wp\/v2\/comments?post=97618"}],"version-history":[{"count":0,"href":"https:\/\/mybusinessfuture.com\/es\/wp-json\/wp\/v2\/posts\/97618\/revisions"}],"wp:featuredmedia":[{"embeddable":true,"href":"https:\/\/mybusinessfuture.com\/es\/wp-json\/wp\/v2\/media\/97294"}],"wp:attachment":[{"href":"https:\/\/mybusinessfuture.com\/es\/wp-json\/wp\/v2\/media?parent=97618"}],"wp:term":[{"taxonomy":"category","embeddable":true,"href":"https:\/\/mybusinessfuture.com\/es\/wp-json\/wp\/v2\/categories?post=97618"},{"taxonomy":"post_tag","embeddable":true,"href":"https:\/\/mybusinessfuture.com\/es\/wp-json\/wp\/v2\/tags?post=97618"}],"curies":[{"name":"wp","href":"https:\/\/api.w.org\/{rel}","templated":true}]}}