{"id":94397,"date":"2026-04-03T16:59:12","date_gmt":"2026-04-03T16:59:12","guid":{"rendered":"https:\/\/mybusinessfuture.com\/no-se-necesita-un-chief-ai-officer-por-que-las-pymes-deben-pensar-de-forma-disti\/"},"modified":"2026-04-05T06:29:14","modified_gmt":"2026-04-05T06:29:14","slug":"no-se-necesita-un-chief-ai-officer-por-que-las-pymes-deben-pensar-de-forma-disti","status":"publish","type":"post","link":"https:\/\/mybusinessfuture.com\/es\/no-se-necesita-un-chief-ai-officer-por-que-las-pymes-deben-pensar-de-forma-disti\/","title":{"rendered":"No se necesita un Chief AI Officer: por qu\u00e9 las pymes deben pensar de forma distinta sobre la IA"},"content":{"rendered":"<p style=\"display:inline-block;background:#F21F05;color:#fff;padding:4px 14px;border-radius:20px;font-size:0.85em;margin-bottom:18px;\">3 min de lectura<\/p>\n<p style=\"line-height:1.8;margin-bottom:20px;\"><strong>Una de cada dos iniciativas de IA en el sector medio fracasa antes de su implementaci\u00f3n. La reacci\u00f3n instintiva: contratar un Chief AI Officer. Suena a estrategia. En realidad, es un tratamiento sintom\u00e1tico. Porque el problema no radica en la ausencia de t\u00edtulos profesionales, sino en la falta de una base de datos adecuada y en la carencia de competencias en IA dentro de los puestos directivos existentes.<\/strong><\/p>\n<h2 style=\"padding-top:64px;margin-bottom:20px;\">Lo m\u00e1s importante<\/h2>\n<div style=\"background:#fafafa;border-left:4px solid #F21F05;padding:20px 24px;margin:32px 0;border-radius:0 8px 8px 0\">\n<ul style=\"line-height:1.8;\">\n<li>Seg\u00fan Bitkom, alrededor del 40 % de las empresas alemanas utiliza IA. En el sector medio, la implementaci\u00f3n operativa es significativamente menor.<\/li>\n<li>Gartner pronostic\u00f3 que el 30 % de todos los proyectos de GenAI se cancelan tras la prueba de concepto. Las razones principales: calidad de datos deficiente y ROI poco claro.<\/li>\n<li>Las empresas que integran la IA en procesos existentes en lugar de crear nuevos roles C-Level logran tasas de adopci\u00f3n m\u00e1s altas.<\/li>\n<\/ul>\n<\/div>\n<h2 style=\"padding-top:64px;margin-bottom:20px;\">La tesis<\/h2>\n<p style=\"line-height:1.8;margin-bottom:20px;\">El Chief AI Officer es el nuevo Chief Digital Officer: un rol que hace una d\u00e9cada se veneraba como salvador y que hoy ha desaparecido en la mayor\u00eda de las empresas. La raz\u00f3n es la misma entonces que ahora: una \u00fanica persona no puede compensar la inmadurez organizativa. Externalizar la competencia en IA a un puesto de staff exonera a la direcci\u00f3n de una tarea que le corresponde precisamente a ella.<\/p>\n<div class=\"evm-stat evm-stat-highlight\" style=\"text-align:center;background:#fff5f5;border-radius:12px;padding:32px 24px;margin:32px 0;\">\n<div style=\"font-size:48px;font-weight:700;color:#c0392b;letter-spacing:-0.03em;\">63 %<\/div>\n<div style=\"font-size:15px;color:#444;margin-top:8px;\">de las empresas, seg\u00fan Gartner, no disponen de pr\u00e1cticas suficientes de gesti\u00f3n de datos para proyectos de IA<\/div>\n<div style=\"font-size:12px;color:#888;margin-top:8px;\">Fuente: Gartner, 2025<\/div>\n<\/div>\n<h2 style=\"padding-top:64px;margin-bottom:20px;\">Por qu\u00e9 un t\u00edtulo no resuelve el problema<\/h2>\n<p style=\"line-height:1.8;margin-bottom:20px;\">El estudio de Bitkom 2025 muestra que aproximadamente el 40 % de las empresas alemanas ya utilizan IA. Pero entre \u00abutilizarla\u00bb y \u00abescalarla operativamente\u00bb existe una brecha que ning\u00fan organigrama puede cerrar. Seg\u00fan Gartner, el 63 % de las empresas ni siquiera dispone de las <a href=\"https:\/\/mybusinessfuture.com\/es\/calidad-de-los-datos-en-las-pymes-por-que-la-ia-fracasa-sin-datos-limpios\/\">bases fundamentales de gesti\u00f3n de datos<\/a> necesarias para proyectos de IA. Ning\u00fan CAIO del mundo podr\u00e1 escalar lo que se asienta sobre una base de datos defectuosa.<\/p>\n<p style=\"line-height:1.8;margin-bottom:20px;\">ThyssenKrupp ahorra anualmente 45 millones de euros mediante el mantenimiento predictivo, no porque un Chief AI Officer lo haya ordenado, sino porque los departamentos t\u00e9cnicos han integrado la IA en los procesos existentes de mantenimiento. Este patr\u00f3n se repite a lo largo del sector medio en DACH: las <a href=\"https:\/\/mybusinessfuture.com\/es\/adquisicion-digital-como-la-ia-esta-transformando-las-compras-en-las-pymes\/\">integraciones exitosas de IA<\/a> surgen all\u00ed donde los directivos asumen el tema como parte de su responsabilidad.<\/p>\n<blockquote style=\"border-left:4px solid #F21F05;margin:32px 0;padding:20px 24px;background:#fafafa;border-radius:0 8px 8px 0;font-size:1.1em;line-height:1.6;color:#333;\"><p>\n  \u00abQuien contrata un CAIO en lugar de capacitar en IA a la direcci\u00f3n general, trata el s\u00edntoma. La enfermedad es la inmadurez organizativa en materia de datos y procesos\u00bb.<br \/>\n  <cite style=\"display:block;margin-top:12px;font-size:0.8em;color:#888;font-style:normal;\">&#8211; Valoraci\u00f3n editorial de mybusinessfuture<\/cite>\n<\/p><\/blockquote>\n<h2 style=\"padding-top:64px;margin-bottom:20px;\">S\u00ed, pero\u2026<\/h2>\n<p style=\"line-height:1.8;margin-bottom:20px;\">Existen escenarios en los que una funci\u00f3n espec\u00edfica de IA tiene sentido: grandes corporaciones con m\u00e1s de 5.000 empleados que deben coordinar iniciativas de IA simult\u00e1neas; o empresas de sectores regulados que deben aplicar operativamente el Reglamento de IA de la UE. Sin embargo, para la pyme t\u00edpica de DACH, con entre 200 y 2.000 empleados, el CAIO es un lujo innecesario. El presupuesto se invierte mejor en <a href=\"https:\/\/mybusinessfuture.com\/es\/balance-de-la-digitalizacion-q1-2026-lo-que-el-sector-medio-ha-aprendido-en-el-p\/\">limpieza de datos y formaci\u00f3n en IA<\/a> dirigida a la direcci\u00f3n existente.<\/p>\n<h2 style=\"padding-top:64px;margin-bottom:20px;\">Conclusi\u00f3n<\/h2>\n<p style=\"line-height:1.8;margin-bottom:20px;\">Tres medidas, no un anuncio de vacante: primero, incorporar la calidad de los datos como tema de consejo de administraci\u00f3n; segundo, integrar las competencias en IA en los programas existentes de desarrollo de directivos; tercero, comenzar con un caso de uso concreto, no con una presentaci\u00f3n estrat\u00e9gica. Las pymes no necesitan un Chief AI Officer. Necesitan directivos que entiendan la IA como su propio asunto.<\/p>\n<h2 style=\"padding-top:64px;margin-bottom:20px;\">Preguntas frecuentes<\/h2>\n<details style=\"border:1px solid #e9ecef;border-radius:6px;background:#f8f9fa;margin-bottom:8px;\">\n<summary style=\"padding:14px 18px;cursor:pointer;font-weight:600;\"><strong>\u00bfNecesita el sector medio una estrategia de IA?<\/strong><\/summary>\n<p style=\"padding:14px 20px 18px;color:#495057;line-height:1.8;margin-bottom:20px;\">S\u00ed, pero no una presentaci\u00f3n de 80 p\u00e1ginas. Una estrategia de IA en el sector medio significa: identificar un caso de uso concreto, evaluar la base de datos disponible y lanzar un proyecto piloto. Todo ello cabe en una sola p\u00e1gina.<\/p>\n<\/details>\n<details style=\"border:1px solid #e9ecef;border-radius:6px;background:#f8f9fa;margin-bottom:8px;\">\n<summary style=\"padding:14px 18px;cursor:pointer;font-weight:600;\"><strong>\u00bfA partir de qu\u00e9 tama\u00f1o empresarial resulta rentable contar con un CAIO?<\/strong><\/summary>\n<p style=\"padding:14px 20px 18px;color:#495057;line-height:1.8;margin-bottom:20px;\">Como puesto independiente de nivel C, un CAIO suele ser relevante a partir de los 5.000 empleados, cuando es necesario coordinar m\u00faltiples iniciativas de IA simult\u00e1neas. Por debajo de ese umbral, basta con un responsable de IA con un mandato claro dentro de la direcci\u00f3n de TI o de digitalizaci\u00f3n existente.<\/p>\n<\/details>\n<details style=\"border:1px solid #e9ecef;border-radius:6px;background:#f8f9fa;margin-bottom:8px;\">\n<summary style=\"padding:14px 18px;cursor:pointer;font-weight:600;\"><strong>\u00bfD\u00f3nde deber\u00eda invertir, entonces, el sector medio?<\/strong><\/summary>\n<p style=\"padding:14px 20px 18px;color:#495057;line-height:1.8;margin-bottom:20px;\">La prioridad n\u00famero uno es la calidad de los datos: limpieza de datos maestros, eliminaci\u00f3n de silos de datos y creaci\u00f3n de un modelo de datos unificado. La prioridad n\u00famero dos es la competencia en IA: formaci\u00f3n para directivos, para que puedan identificar ellos mismos las oportunidades de IA en sus respectivos \u00e1mbitos de responsabilidad.<\/p>\n<\/details>\n<div style=\"background:#f0f8ff;border-radius:8px;padding:20px 24px;margin:24px 0;border-top:3px solid #F21F05;\">\n<h2 style=\"padding-top:64px;margin-bottom:20px;\">Recomendaciones de lectura de la redacci\u00f3n<\/h2>\n<ul>\n<li><a href=\"https:\/\/mybusinessfuture.com\/es\/calidad-de-los-datos-en-las-pymes-por-que-la-ia-fracasa-sin-datos-limpios\/\">Calidad de los datos en el sector medio: por qu\u00e9 la IA fracasa sin datos limpios<\/a><\/li>\n<li><a href=\"https:\/\/mybusinessfuture.com\/es\/adquisicion-digital-como-la-ia-esta-transformando-las-compras-en-las-pymes\/\">Compras digitales: c\u00f3mo transforma la IA la funci\u00f3n de compras en el sector medio<\/a><\/li>\n<li><a href=\"https:\/\/mybusinessfuture.com\/es\/balance-de-la-digitalizacion-q1-2026-lo-que-el-sector-medio-ha-aprendido-en-el-p\/\">Balance del primer trimestre de la digitalizaci\u00f3n 2026: lo que ha aprendido el sector medio<\/a><\/li>\n<\/ul>\n<\/div>\n<p style=\"text-align:right;\"><em>Fuente de la imagen del titular: Pexels \/ Vlada Karpovich (px:7433919)<\/em><\/p>\n","protected":false},"excerpt":{"rendered":"<p>3 min de lectura Una de cada dos iniciativas de IA en el sector medio fracasa antes de su implementaci\u00f3n. La reacci\u00f3n instintiva: contratar un Chief AI Officer. Suena a estrategia. En realidad, es un tratamiento sintom\u00e1tico. Porque el problema no radica en la ausencia de t\u00edtulos profesionales, sino en la falta de una base [&hellip;]<\/p>\n","protected":false},"author":205,"featured_media":93688,"comment_status":"closed","ping_status":"closed","sticky":false,"template":"","format":"standard","meta":{"_acf_changed":false,"_yoast_wpseo_focuskw":"chief ai officer","_yoast_wpseo_title":"Chief AI Officer: IA para pymes sin necesidad de un experto","_yoast_wpseo_metadesc":"Digitalizaci\u00f3n, IA y PYMES: \u00a1Impulsa tu negocio! Descubre c\u00f3mo integrar la IA sin un C-level. Lee ahora y transforma tu empresa.","_yoast_wpseo_meta-robots-noindex":"","_yoast_wpseo_meta-robots-nofollow":"","_yoast_wpseo_meta-robots-adv":"","_yoast_wpseo_canonical":"","_yoast_wpseo_opengraph-title":"","_yoast_wpseo_opengraph-description":"","_yoast_wpseo_opengraph-image":"","_yoast_wpseo_opengraph-image-id":0,"_yoast_wpseo_twitter-title":"","_yoast_wpseo_twitter-description":"","_yoast_wpseo_twitter-image":"","_yoast_wpseo_twitter-image-id":0,"featured_post_sortierung":0,"featured_post":0,"pre_headline":"","bildquelle":"","teasertext":"","language":"de","footnotes":""},"categories":[2241,2027],"tags":[],"class_list":["post-94397","post","type-post","status-publish","format-standard","has-post-thumbnail","hentry","category-inteligencia-artificial","category-kuenstliche-intelligenz","entry"],"wpml_language":"es","wpml_translation_of":93648,"acf":[],"yoast_head":"<!-- This site is optimized with the Yoast SEO plugin v26.9 - https:\/\/yoast.com\/product\/yoast-seo-wordpress\/ -->\n<title>Chief AI Officer: IA para pymes sin necesidad de un experto<\/title>\n<meta name=\"description\" content=\"Digitalizaci\u00f3n, IA y PYMES: \u00a1Impulsa tu negocio! Descubre c\u00f3mo integrar la IA sin un C-level. Lee ahora y transforma tu empresa.\" \/>\n<meta name=\"robots\" content=\"index, follow, max-snippet:-1, max-image-preview:large, max-video-preview:-1\" \/>\n<link rel=\"canonical\" href=\"https:\/\/mybusinessfuture.com\/es\/no-se-necesita-un-chief-ai-officer-por-que-las-pymes-deben-pensar-de-forma-disti\/\" \/>\n<meta property=\"og:locale\" content=\"es_ES\" \/>\n<meta property=\"og:type\" content=\"article\" \/>\n<meta property=\"og:title\" content=\"Chief AI Officer: IA para pymes sin necesidad de un experto\" \/>\n<meta property=\"og:description\" content=\"Digitalizaci\u00f3n, IA y PYMES: \u00a1Impulsa tu negocio! Descubre c\u00f3mo integrar la IA sin un C-level. Lee ahora y transforma tu empresa.\" \/>\n<meta property=\"og:url\" content=\"https:\/\/mybusinessfuture.com\/es\/no-se-necesita-un-chief-ai-officer-por-que-las-pymes-deben-pensar-de-forma-disti\/\" \/>\n<meta property=\"og:site_name\" content=\"MyBusinessFuture\" \/>\n<meta property=\"article:publisher\" content=\"https:\/\/www.facebook.com\/MyBusinessFuture\" \/>\n<meta property=\"article:published_time\" content=\"2026-04-03T16:59:12+00:00\" \/>\n<meta property=\"article:modified_time\" content=\"2026-04-05T06:29:14+00:00\" \/>\n<meta property=\"og:image\" content=\"https:\/\/mybusinessfuture.com\/wp-content\/uploads\/2026\/04\/pexels-7433919-ki-strategy.jpeg\" \/>\n\t<meta property=\"og:image:width\" content=\"1200\" \/>\n\t<meta property=\"og:image:height\" content=\"800\" \/>\n\t<meta property=\"og:image:type\" content=\"image\/jpeg\" \/>\n<meta name=\"author\" content=\"Tobias Massow\" \/>\n<meta name=\"twitter:card\" content=\"summary_large_image\" \/>\n<meta name=\"twitter:creator\" content=\"@mbusinessfuture\" \/>\n<meta name=\"twitter:site\" content=\"@mbusinessfuture\" \/>\n<meta name=\"twitter:label1\" content=\"Escrito por\" \/>\n\t<meta name=\"twitter:data1\" content=\"Tobias Massow\" \/>\n\t<meta name=\"twitter:label2\" content=\"Tiempo de lectura\" \/>\n\t<meta name=\"twitter:data2\" content=\"4 minutos\" \/>\n<script type=\"application\/ld+json\" class=\"yoast-schema-graph\">{\"@context\":\"https:\/\/schema.org\",\"@graph\":[{\"@type\":\"NewsArticle\",\"@id\":\"https:\/\/mybusinessfuture.com\/es\/no-se-necesita-un-chief-ai-officer-por-que-las-pymes-deben-pensar-de-forma-disti\/#article\",\"isPartOf\":{\"@id\":\"https:\/\/mybusinessfuture.com\/es\/no-se-necesita-un-chief-ai-officer-por-que-las-pymes-deben-pensar-de-forma-disti\/\"},\"author\":{\"name\":\"Tobias Massow\",\"@id\":\"https:\/\/mybusinessfuture.com\/#\/schema\/person\/5a5f67d388de091844cc887ac56f3760\"},\"headline\":\"No se necesita un Chief AI Officer: por qu\u00e9 las pymes deben pensar de forma distinta sobre la IA\",\"datePublished\":\"2026-04-03T16:59:12+00:00\",\"dateModified\":\"2026-04-05T06:29:14+00:00\",\"mainEntityOfPage\":{\"@id\":\"https:\/\/mybusinessfuture.com\/es\/no-se-necesita-un-chief-ai-officer-por-que-las-pymes-deben-pensar-de-forma-disti\/\"},\"wordCount\":864,\"publisher\":{\"@id\":\"https:\/\/mybusinessfuture.com\/#organization\"},\"image\":{\"@id\":\"https:\/\/mybusinessfuture.com\/es\/no-se-necesita-un-chief-ai-officer-por-que-las-pymes-deben-pensar-de-forma-disti\/#primaryimage\"},\"thumbnailUrl\":\"https:\/\/mybusinessfuture.com\/wp-content\/uploads\/2026\/04\/pexels-7433919-ki-strategy.jpeg\",\"articleSection\":[\"Inteligencia Artificial\",\"K\u00fcnstliche Intelligenz\"],\"inLanguage\":\"es\"},{\"@type\":\"WebPage\",\"@id\":\"https:\/\/mybusinessfuture.com\/es\/no-se-necesita-un-chief-ai-officer-por-que-las-pymes-deben-pensar-de-forma-disti\/\",\"url\":\"https:\/\/mybusinessfuture.com\/es\/no-se-necesita-un-chief-ai-officer-por-que-las-pymes-deben-pensar-de-forma-disti\/\",\"name\":\"Chief AI Officer: IA para pymes sin necesidad de un experto\",\"isPartOf\":{\"@id\":\"https:\/\/mybusinessfuture.com\/#website\"},\"primaryImageOfPage\":{\"@id\":\"https:\/\/mybusinessfuture.com\/es\/no-se-necesita-un-chief-ai-officer-por-que-las-pymes-deben-pensar-de-forma-disti\/#primaryimage\"},\"image\":{\"@id\":\"https:\/\/mybusinessfuture.com\/es\/no-se-necesita-un-chief-ai-officer-por-que-las-pymes-deben-pensar-de-forma-disti\/#primaryimage\"},\"thumbnailUrl\":\"https:\/\/mybusinessfuture.com\/wp-content\/uploads\/2026\/04\/pexels-7433919-ki-strategy.jpeg\",\"datePublished\":\"2026-04-03T16:59:12+00:00\",\"dateModified\":\"2026-04-05T06:29:14+00:00\",\"description\":\"Digitalizaci\u00f3n, IA y PYMES: \u00a1Impulsa tu negocio! Descubre c\u00f3mo integrar la IA sin un C-level. Lee ahora y transforma tu empresa.\",\"breadcrumb\":{\"@id\":\"https:\/\/mybusinessfuture.com\/es\/no-se-necesita-un-chief-ai-officer-por-que-las-pymes-deben-pensar-de-forma-disti\/#breadcrumb\"},\"inLanguage\":\"es\",\"potentialAction\":[{\"@type\":\"ReadAction\",\"target\":[\"https:\/\/mybusinessfuture.com\/es\/no-se-necesita-un-chief-ai-officer-por-que-las-pymes-deben-pensar-de-forma-disti\/\"]}]},{\"@type\":\"ImageObject\",\"inLanguage\":\"es\",\"@id\":\"https:\/\/mybusinessfuture.com\/es\/no-se-necesita-un-chief-ai-officer-por-que-las-pymes-deben-pensar-de-forma-disti\/#primaryimage\",\"url\":\"https:\/\/mybusinessfuture.com\/wp-content\/uploads\/2026\/04\/pexels-7433919-ki-strategy.jpeg\",\"contentUrl\":\"https:\/\/mybusinessfuture.com\/wp-content\/uploads\/2026\/04\/pexels-7433919-ki-strategy.jpeg\",\"width\":1200,\"height\":800,\"caption\":\"KI-Strategie: Lokale Sprachmodelle erm\u00f6glichen Unabh\u00e4ngigkeit f\u00fcr den Mittelstand.\"},{\"@type\":\"BreadcrumbList\",\"@id\":\"https:\/\/mybusinessfuture.com\/es\/no-se-necesita-un-chief-ai-officer-por-que-las-pymes-deben-pensar-de-forma-disti\/#breadcrumb\",\"itemListElement\":[{\"@type\":\"ListItem\",\"position\":1,\"name\":\"Startseite\",\"item\":\"https:\/\/mybusinessfuture.com\/\"},{\"@type\":\"ListItem\",\"position\":2,\"name\":\"No se necesita un Chief AI Officer: por qu\u00e9 las pymes deben pensar de forma distinta sobre la IA\"}]},{\"@type\":\"WebSite\",\"@id\":\"https:\/\/mybusinessfuture.com\/#website\",\"url\":\"https:\/\/mybusinessfuture.com\/\",\"name\":\"MyBusinessFuture\",\"description\":\"B2B-Magazin f\u00fcr Digitalisierung, KI und Business-Innovation \u2014 Fachartikel f\u00fcr IT-Entscheider im DACH-Raum\",\"publisher\":{\"@id\":\"https:\/\/mybusinessfuture.com\/#organization\"},\"potentialAction\":[{\"@type\":\"SearchAction\",\"target\":{\"@type\":\"EntryPoint\",\"urlTemplate\":\"https:\/\/mybusinessfuture.com\/?s={search_term_string}\"},\"query-input\":{\"@type\":\"PropertyValueSpecification\",\"valueRequired\":true,\"valueName\":\"search_term_string\"}}],\"inLanguage\":\"es\"},{\"@type\":\"Organization\",\"@id\":\"https:\/\/mybusinessfuture.com\/#organization\",\"name\":\"MyBusinessFuture\",\"url\":\"https:\/\/mybusinessfuture.com\/\",\"logo\":{\"@type\":\"ImageObject\",\"inLanguage\":\"es\",\"@id\":\"https:\/\/mybusinessfuture.com\/#\/schema\/logo\/image\/\",\"url\":\"https:\/\/mybusinessfuture.com\/wp-content\/uploads\/2020\/10\/MBF-logo-schwarz.png\",\"contentUrl\":\"https:\/\/mybusinessfuture.com\/wp-content\/uploads\/2020\/10\/MBF-logo-schwarz.png\",\"width\":398,\"height\":241,\"caption\":\"MyBusinessFuture\"},\"image\":{\"@id\":\"https:\/\/mybusinessfuture.com\/#\/schema\/logo\/image\/\"},\"sameAs\":[\"https:\/\/www.facebook.com\/MyBusinessFuture\",\"https:\/\/x.com\/mbusinessfuture\",\"https:\/\/www.linkedin.com\/showcase\/mybusinessfuture\/\"]},{\"@type\":\"Person\",\"@id\":\"https:\/\/mybusinessfuture.com\/#\/schema\/person\/5a5f67d388de091844cc887ac56f3760\",\"name\":\"Tobias Massow\",\"description\":\"Tobias Massow ist Gesch\u00e4ftsf\u00fchrer der Evernine Media GmbH und Herausgeber von MyBusinessFuture. Er verantwortet die strategische Ausrichtung des Magazins und des gesamten MBF Media Netzwerks mit vier B2B-Fachmagazinen f\u00fcr IT-Entscheider im deutschsprachigen Raum.\",\"sameAs\":[\"https:\/\/www.linkedin.com\/in\/tobias-massow\/\"],\"url\":\"https:\/\/mybusinessfuture.com\/es\/experte\/tobias-evm\/\"}]}<\/script>\n<!-- \/ Yoast SEO plugin. -->","yoast_head_json":{"title":"Chief AI Officer: IA para pymes sin necesidad de un experto","description":"Digitalizaci\u00f3n, IA y PYMES: \u00a1Impulsa tu negocio! Descubre c\u00f3mo integrar la IA sin un C-level. Lee ahora y transforma tu empresa.","robots":{"index":"index","follow":"follow","max-snippet":"max-snippet:-1","max-image-preview":"max-image-preview:large","max-video-preview":"max-video-preview:-1"},"canonical":"https:\/\/mybusinessfuture.com\/es\/no-se-necesita-un-chief-ai-officer-por-que-las-pymes-deben-pensar-de-forma-disti\/","og_locale":"es_ES","og_type":"article","og_title":"Chief AI Officer: IA para pymes sin necesidad de un experto","og_description":"Digitalizaci\u00f3n, IA y PYMES: \u00a1Impulsa tu negocio! Descubre c\u00f3mo integrar la IA sin un C-level. Lee ahora y transforma tu empresa.","og_url":"https:\/\/mybusinessfuture.com\/es\/no-se-necesita-un-chief-ai-officer-por-que-las-pymes-deben-pensar-de-forma-disti\/","og_site_name":"MyBusinessFuture","article_publisher":"https:\/\/www.facebook.com\/MyBusinessFuture","article_published_time":"2026-04-03T16:59:12+00:00","article_modified_time":"2026-04-05T06:29:14+00:00","og_image":[{"width":1200,"height":800,"url":"https:\/\/mybusinessfuture.com\/wp-content\/uploads\/2026\/04\/pexels-7433919-ki-strategy.jpeg","type":"image\/jpeg"}],"author":"Tobias Massow","twitter_card":"summary_large_image","twitter_creator":"@mbusinessfuture","twitter_site":"@mbusinessfuture","twitter_misc":{"Escrito por":"Tobias Massow","Tiempo de lectura":"4 minutos"},"schema":{"@context":"https:\/\/schema.org","@graph":[{"@type":"NewsArticle","@id":"https:\/\/mybusinessfuture.com\/es\/no-se-necesita-un-chief-ai-officer-por-que-las-pymes-deben-pensar-de-forma-disti\/#article","isPartOf":{"@id":"https:\/\/mybusinessfuture.com\/es\/no-se-necesita-un-chief-ai-officer-por-que-las-pymes-deben-pensar-de-forma-disti\/"},"author":{"name":"Tobias Massow","@id":"https:\/\/mybusinessfuture.com\/#\/schema\/person\/5a5f67d388de091844cc887ac56f3760"},"headline":"No se necesita un Chief AI Officer: por qu\u00e9 las pymes deben pensar de forma distinta sobre la IA","datePublished":"2026-04-03T16:59:12+00:00","dateModified":"2026-04-05T06:29:14+00:00","mainEntityOfPage":{"@id":"https:\/\/mybusinessfuture.com\/es\/no-se-necesita-un-chief-ai-officer-por-que-las-pymes-deben-pensar-de-forma-disti\/"},"wordCount":864,"publisher":{"@id":"https:\/\/mybusinessfuture.com\/#organization"},"image":{"@id":"https:\/\/mybusinessfuture.com\/es\/no-se-necesita-un-chief-ai-officer-por-que-las-pymes-deben-pensar-de-forma-disti\/#primaryimage"},"thumbnailUrl":"https:\/\/mybusinessfuture.com\/wp-content\/uploads\/2026\/04\/pexels-7433919-ki-strategy.jpeg","articleSection":["Inteligencia Artificial","K\u00fcnstliche Intelligenz"],"inLanguage":"es"},{"@type":"WebPage","@id":"https:\/\/mybusinessfuture.com\/es\/no-se-necesita-un-chief-ai-officer-por-que-las-pymes-deben-pensar-de-forma-disti\/","url":"https:\/\/mybusinessfuture.com\/es\/no-se-necesita-un-chief-ai-officer-por-que-las-pymes-deben-pensar-de-forma-disti\/","name":"Chief AI Officer: IA para pymes sin necesidad de un experto","isPartOf":{"@id":"https:\/\/mybusinessfuture.com\/#website"},"primaryImageOfPage":{"@id":"https:\/\/mybusinessfuture.com\/es\/no-se-necesita-un-chief-ai-officer-por-que-las-pymes-deben-pensar-de-forma-disti\/#primaryimage"},"image":{"@id":"https:\/\/mybusinessfuture.com\/es\/no-se-necesita-un-chief-ai-officer-por-que-las-pymes-deben-pensar-de-forma-disti\/#primaryimage"},"thumbnailUrl":"https:\/\/mybusinessfuture.com\/wp-content\/uploads\/2026\/04\/pexels-7433919-ki-strategy.jpeg","datePublished":"2026-04-03T16:59:12+00:00","dateModified":"2026-04-05T06:29:14+00:00","description":"Digitalizaci\u00f3n, IA y PYMES: \u00a1Impulsa tu negocio! Descubre c\u00f3mo integrar la IA sin un C-level. Lee ahora y transforma tu empresa.","breadcrumb":{"@id":"https:\/\/mybusinessfuture.com\/es\/no-se-necesita-un-chief-ai-officer-por-que-las-pymes-deben-pensar-de-forma-disti\/#breadcrumb"},"inLanguage":"es","potentialAction":[{"@type":"ReadAction","target":["https:\/\/mybusinessfuture.com\/es\/no-se-necesita-un-chief-ai-officer-por-que-las-pymes-deben-pensar-de-forma-disti\/"]}]},{"@type":"ImageObject","inLanguage":"es","@id":"https:\/\/mybusinessfuture.com\/es\/no-se-necesita-un-chief-ai-officer-por-que-las-pymes-deben-pensar-de-forma-disti\/#primaryimage","url":"https:\/\/mybusinessfuture.com\/wp-content\/uploads\/2026\/04\/pexels-7433919-ki-strategy.jpeg","contentUrl":"https:\/\/mybusinessfuture.com\/wp-content\/uploads\/2026\/04\/pexels-7433919-ki-strategy.jpeg","width":1200,"height":800,"caption":"KI-Strategie: Lokale Sprachmodelle erm\u00f6glichen Unabh\u00e4ngigkeit f\u00fcr den Mittelstand."},{"@type":"BreadcrumbList","@id":"https:\/\/mybusinessfuture.com\/es\/no-se-necesita-un-chief-ai-officer-por-que-las-pymes-deben-pensar-de-forma-disti\/#breadcrumb","itemListElement":[{"@type":"ListItem","position":1,"name":"Startseite","item":"https:\/\/mybusinessfuture.com\/"},{"@type":"ListItem","position":2,"name":"No se necesita un Chief AI Officer: por qu\u00e9 las pymes deben pensar de forma distinta sobre la IA"}]},{"@type":"WebSite","@id":"https:\/\/mybusinessfuture.com\/#website","url":"https:\/\/mybusinessfuture.com\/","name":"MyBusinessFuture","description":"B2B-Magazin f\u00fcr Digitalisierung, KI und Business-Innovation \u2014 Fachartikel f\u00fcr IT-Entscheider im DACH-Raum","publisher":{"@id":"https:\/\/mybusinessfuture.com\/#organization"},"potentialAction":[{"@type":"SearchAction","target":{"@type":"EntryPoint","urlTemplate":"https:\/\/mybusinessfuture.com\/?s={search_term_string}"},"query-input":{"@type":"PropertyValueSpecification","valueRequired":true,"valueName":"search_term_string"}}],"inLanguage":"es"},{"@type":"Organization","@id":"https:\/\/mybusinessfuture.com\/#organization","name":"MyBusinessFuture","url":"https:\/\/mybusinessfuture.com\/","logo":{"@type":"ImageObject","inLanguage":"es","@id":"https:\/\/mybusinessfuture.com\/#\/schema\/logo\/image\/","url":"https:\/\/mybusinessfuture.com\/wp-content\/uploads\/2020\/10\/MBF-logo-schwarz.png","contentUrl":"https:\/\/mybusinessfuture.com\/wp-content\/uploads\/2020\/10\/MBF-logo-schwarz.png","width":398,"height":241,"caption":"MyBusinessFuture"},"image":{"@id":"https:\/\/mybusinessfuture.com\/#\/schema\/logo\/image\/"},"sameAs":["https:\/\/www.facebook.com\/MyBusinessFuture","https:\/\/x.com\/mbusinessfuture","https:\/\/www.linkedin.com\/showcase\/mybusinessfuture\/"]},{"@type":"Person","@id":"https:\/\/mybusinessfuture.com\/#\/schema\/person\/5a5f67d388de091844cc887ac56f3760","name":"Tobias Massow","description":"Tobias Massow ist Gesch\u00e4ftsf\u00fchrer der Evernine Media GmbH und Herausgeber von MyBusinessFuture. Er verantwortet die strategische Ausrichtung des Magazins und des gesamten MBF Media Netzwerks mit vier B2B-Fachmagazinen f\u00fcr IT-Entscheider im deutschsprachigen Raum.","sameAs":["https:\/\/www.linkedin.com\/in\/tobias-massow\/"],"url":"https:\/\/mybusinessfuture.com\/es\/experte\/tobias-evm\/"}]}},"_links":{"self":[{"href":"https:\/\/mybusinessfuture.com\/es\/wp-json\/wp\/v2\/posts\/94397","targetHints":{"allow":["GET"]}}],"collection":[{"href":"https:\/\/mybusinessfuture.com\/es\/wp-json\/wp\/v2\/posts"}],"about":[{"href":"https:\/\/mybusinessfuture.com\/es\/wp-json\/wp\/v2\/types\/post"}],"author":[{"embeddable":true,"href":"https:\/\/mybusinessfuture.com\/es\/wp-json\/wp\/v2\/users\/205"}],"replies":[{"embeddable":true,"href":"https:\/\/mybusinessfuture.com\/es\/wp-json\/wp\/v2\/comments?post=94397"}],"version-history":[{"count":2,"href":"https:\/\/mybusinessfuture.com\/es\/wp-json\/wp\/v2\/posts\/94397\/revisions"}],"predecessor-version":[{"id":94972,"href":"https:\/\/mybusinessfuture.com\/es\/wp-json\/wp\/v2\/posts\/94397\/revisions\/94972"}],"wp:featuredmedia":[{"embeddable":true,"href":"https:\/\/mybusinessfuture.com\/es\/wp-json\/wp\/v2\/media\/93688"}],"wp:attachment":[{"href":"https:\/\/mybusinessfuture.com\/es\/wp-json\/wp\/v2\/media?parent=94397"}],"wp:term":[{"taxonomy":"category","embeddable":true,"href":"https:\/\/mybusinessfuture.com\/es\/wp-json\/wp\/v2\/categories?post=94397"},{"taxonomy":"post_tag","embeddable":true,"href":"https:\/\/mybusinessfuture.com\/es\/wp-json\/wp\/v2\/tags?post=94397"}],"curies":[{"name":"wp","href":"https:\/\/api.w.org\/{rel}","templated":true}]}}