{"id":93962,"date":"2026-04-03T14:08:15","date_gmt":"2026-04-03T14:08:15","guid":{"rendered":"https:\/\/mybusinessfuture.com\/analytics-de-la-fuerza-laboral-decisiones-de-personal-basadas-en-datos-no-en-int\/"},"modified":"2026-04-04T08:42:31","modified_gmt":"2026-04-04T08:42:31","slug":"analytics-de-la-fuerza-laboral-decisiones-de-personal-basadas-en-datos-no-en-int","status":"publish","type":"post","link":"https:\/\/mybusinessfuture.com\/es\/analytics-de-la-fuerza-laboral-decisiones-de-personal-basadas-en-datos-no-en-int\/","title":{"rendered":"Analytics de la fuerza laboral: decisiones de personal basadas en datos, no en intuici\u00f3n"},"content":{"rendered":"<p style=\"display:inline-block;background:#F21F05;color:#fff;padding:4px 14px;border-radius:20px;font-size:0.85em;margin-bottom:18px;\">7 min de lectura<\/p>\n<p style=\"line-height:1.8;margin-bottom:24px;\"><strong>Los departamentos de RR.HH. recopilan datos de candidaturas, evaluaciones de desempe\u00f1o, encuestas de compromiso y entrevistas de salida. El analytics de la fuerza laboral transforma este conjunto de datos en conocimientos estrat\u00e9gicos   &#8211;  y reduce simult\u00e1neamente los costes de reclutamiento hasta un 35 %. A pesar de ello, solo el 9 % de las empresas de DACH aprovecha el potencial del people analytics avanzado.<\/strong><\/p>\n<h2 style=\"margin-top:160px;margin-bottom:8px;padding-top:64px;\">Lo m\u00e1s importante<\/h2>\n<div style=\"background:#fafafa;border-left:4px solid #F21F05;padding:20px 24px;margin:16px 0 32px 0;border-radius:4px;\">\n<ul style=\"margin:0;padding-left:20px;\">\n<li><strong>Solo el 9 % aplica analytics:<\/strong> Solo el 9 % de las empresas de DACH aplica el people analytics de forma avanzada; sistemas fragmentados, preocupaciones sobre protecci\u00f3n de datos y falta de competencias frenan al resto (Deloitte Human Capital Trends, 2024).<\/li>\n<li><strong>Un 25 al 35 % menos en costes de reclutamiento:<\/strong> Los costes de reclutamiento disminuyen entre un 25 y un 35 % cuando las empresas utilizan modelos de selecci\u00f3n basados en datos, en lugar de procesos de cribado puramente manuales (LinkedIn Talent Solutions Global Report, 2024).<\/li>\n<li><strong>Detecci\u00f3n temprana de la rotaci\u00f3n:<\/strong> Los modelos predictivos reducen la rotaci\u00f3n involuntaria hasta un 25 %, identificando los riesgos de dimisi\u00f3n tres a seis meses antes de la salida efectiva.<\/li>\n<li><strong>Cuatro \u00e1reas clave para un ROI r\u00e1pido:<\/strong> Cuatro \u00e1mbitos generan el retorno de la inversi\u00f3n m\u00e1s r\u00e1pido: optimizaci\u00f3n del reclutamiento, predicci\u00f3n de rotaci\u00f3n, an\u00e1lisis de brechas de competencias y seguimiento de la diversidad.<\/li>\n<li><strong>Entrada pragm\u00e1tica:<\/strong> El inicio es pragm\u00e1tico: una pregunta comercial concreta, un equipo peque\u00f1o, Power BI en lugar de soluciones especializadas   &#8211;  y la implicaci\u00f3n desde el principio del comit\u00e9 de empresa.<\/li>\n<\/ul>\n<\/div>\n<h2 style=\"margin-top:64px;margin-bottom:20px;padding-top:64px;\">Por qu\u00e9 RR.HH. va a la zaga   &#8211;  y cu\u00e1nto cuesta<\/h2>\n<p style=\"line-height:1.8;margin-bottom:20px;\">Los departamentos de marketing rastrean cada clic. Los equipos comerciales analizan las tasas de conversi\u00f3n de la cartera en tiempo real. \u00bfY <a href=\"https:\/\/mybusinessfuture.com\/fachkraefte-wende-fuenf-strategien-die-tatsaechlich-funktionieren\/\" target=\"_blank\" rel=\"noopener\">RR.HH.<\/a>? Sigue tomando decisiones de personal bas\u00e1ndose en la intuici\u00f3n y listas de Excel.<\/p>\n<p style=\"line-height:1.8;margin-bottom:20px;\">El problema es medible: seg\u00fan el informe <em>Human Capital Trends<\/em> de Deloitte (2024), solo el 9 % de las empresas de DACH se considera avanzada en people analytics. El resto tropieza con tres obst\u00e1culos:<\/p>\n<p style=\"line-height:1.8;margin-bottom:18px;\">\u25cf <strong>Sistemas fragmentados:<\/strong> El reclutamiento se gestiona en un ATS, la n\u00f3mina en SAP y los datos de compromiso est\u00e1n en Microsoft Forms. Sin una base de datos centralizada, no hay an\u00e1lisis fiables.<\/p>\n<p style=\"line-height:1.8;margin-bottom:18px;\">\u25cf <strong>Par\u00e1lisis por protecci\u00f3n de datos:<\/strong> Muchos equipos de RR.HH. evitan por completo los an\u00e1lisis por miedo al Reglamento General de Protecci\u00f3n de Datos (RGPD). Sin embargo, el <a href=\"https:\/\/www.securitytoday.de\/es\/2026\/02\/26\/dsgvo-2026-was-sich-aendert-und-worauf-unternehmen-achten-muessen\/\" target=\"_blank\" rel=\"noopener\">analytics de la fuerza laboral es compatible con el RGPD<\/a>   &#8211;  siempre que se establezcan las debidas salvaguardias.<\/p>\n<p style=\"line-height:1.8;margin-bottom:20px;\">\u25cf <strong>Falta de competencias:<\/strong> Los profesionales generalistas de RR.HH. no son cient\u00edficos de datos. Para aplicar people analytics, se requiere bien una figura puente (RR.HH. + anal\u00edtica) o bien herramientas est\u00e1ndar que no exijan experiencia estad\u00edstica.<\/p>\n<p style=\"line-height:1.8;margin-bottom:20px;\">La consecuencia: las empresas invierten millones en marca empleadora y campa\u00f1as de reclutamiento, pero no pueden medir qu\u00e9 canales aportan realmente los mejores profesionales. Pierden talento clave sin haber detectado las se\u00f1ales de alerta tres meses antes.<\/p>\n<div style=\"margin:32px 0;display:flex;flex-wrap:wrap;gap:12px;\">\n<div style=\"flex:1;min-width:160px;background:#f8f9fa;border-radius:10px;padding:24px 20px;\">\n<div style=\"font-size:0.65em;text-transform:uppercase;letter-spacing:1.5px;color:#F21F05;border-bottom:2px solid #F21F05;padding-bottom:8px;margin-bottom:12px;\">ADOPTION<\/div>\n<div style=\"font-size:clamp(1.5em,5vw,2.4em);font-weight:800;color:#F21F05;line-height:1;white-space:nowrap;\">9 %<\/div>\n<div style=\"font-size:0.8em;margin-top:8px;color:#495057;line-height:1.3;\">de las empresas de DACH son avanzadas en people analytics (Deloitte, 2024)<\/div>\n<\/div>\n<div style=\"flex:1;min-width:160px;background:#fff5f5;border-radius:10px;padding:24px 20px;\">\n<div style=\"font-size:0.65em;text-transform:uppercase;letter-spacing:1.5px;color:#F21F05;border-bottom:2px solid #F21F05;padding-bottom:8px;margin-bottom:12px;\">EINSPARPOTENZIAL<\/div>\n<div style=\"font-size:clamp(1.5em,5vw,2.4em);font-weight:800;color:#c0392b;line-height:1;white-space:nowrap;\">35 %<\/div>\n<div style=\"font-size:0.8em;margin-top:8px;color:#495057;line-height:1.3;\">menos en costes de reclutamiento gracias a modelos de selecci\u00f3n basados en datos (LinkedIn, 2024)<\/div>\n<\/div>\n<div style=\"flex:1;min-width:160px;background:#f8f9fa;border-radius:10px;padding:24px 20px;\">\n<div style=\"font-size:0.65em;text-transform:uppercase;letter-spacing:1.5px;color:#F21F05;border-bottom:2px solid #F21F05;padding-bottom:8px;margin-bottom:12px;\">RETENTION<\/div>\n<div style=\"font-size:clamp(1.5em,5vw,2.4em);font-weight:800;color:#F21F05;line-height:1;white-space:nowrap;\">25 %<\/div>\n<div style=\"font-size:0.8em;margin-top:8px;color:#495057;line-height:1.3;\">menos rotaci\u00f3n mediante modelos predictivos<\/div>\n<\/div>\n<\/div>\n<h2 style=\"margin-top:64px;margin-bottom:20px;padding-top:64px;\">Cuatro casos de uso con el ROI m\u00e1s r\u00e1pido<\/h2>\n<p style=\"line-height:1.8;margin-bottom:20px;\">El analytics de la fuerza laboral suena a proyecto ambicioso. En la pr\u00e1ctica, las implementaciones m\u00e1s exitosas comienzan con un \u00fanico caso de uso   &#8211;  y escalan \u00fanicamente tras demostrar el primer valor tangible.<\/p>\n<h3 style=\"margin-top:32px;margin-bottom:12px;\">1. Optimizaci\u00f3n del reclutamiento: menos presupuesto, mejores candidatos<\/h3>\n<p style=\"line-height:1.8;margin-bottom:20px;\">Los modelos de reclutamiento basados en datos analizan datos hist\u00f3ricos de contrataci\u00f3n: \u00bfqu\u00e9 canales aportan candidatos con mayor antig\u00fcedad en la empresa? \u00bfQu\u00e9 puntuaciones obtenidas en pruebas de selecci\u00f3n correlacionan con un mejor desempe\u00f1o posterior? Las empresas que aplican estos modelos reducen sus costes por contrataci\u00f3n entre un 25 y un 35 % y acortan el tiempo medio de ocupaci\u00f3n de puestos (time-to-fill) un 20 % de media.<\/p>\n<h3 style=\"margin-top:32px;margin-bottom:12px;\">2. Predicci\u00f3n de rotaci\u00f3n: detectar dimisiones antes de que ocurran<\/h3>\n<p style=\"line-height:1.8;margin-bottom:20px;\">Los modelos de <em>machine learning<\/em> identifican riesgos de dimisi\u00f3n mediante patrones: frecuencia decreciente de accesos a sistemas internos, ausencia de solicitudes de formaci\u00f3n continua, aumento de d\u00edas de baja por enfermedad. Los mejores modelos anticipan la rotaci\u00f3n entre tres y seis meses antes   &#8211;  tiempo suficiente para aplicar <a href=\"https:\/\/mybusinessfuture.com\/agentic-ai-im-mittelstand-wie-autonome-ki-agenten-geschaeftsprozesse-transformieren\/\" target=\"_blank\" rel=\"noopener\">medidas correctoras espec\u00edficas<\/a>. Resultado: hasta un 25 % menos de bajas involuntarias.<\/p>\n<h3 style=\"margin-top:32px;margin-bottom:12px;\">3. An\u00e1lisis de brechas de competencias: construir sistem\u00e1ticamente las competencias del futuro<\/h3>\n<p style=\"line-height:1.8;margin-bottom:20px;\">El analytics de la fuerza laboral compara las competencias existentes con las necesidades futuras. Especialmente en sectores impulsados por la tecnolog\u00eda, se observa que solo el 60 % de las competencias demandadas hoy coinciden con las requeridas dentro de tres a\u00f1os. Empresas como Bosch y Siemens utilizan an\u00e1lisis de brechas de competencias para <a href=\"https:\/\/www.cloudmagazin.com\/es\/2026\/03\/08\/cloud-fachkraefte-deutschland-upskilling-aufholt\/\" target=\"_blank\" rel=\"noopener\">dirigir programas de <em>upskilling<\/em> con precisi\u00f3n<\/a> en lugar de distribuir los presupuestos de formaci\u00f3n de forma indiscriminada.<\/p>\n<h3 style=\"margin-top:32px;margin-bottom:12px;\">4. Seguimiento de la diversidad: de la declaraci\u00f3n de intenciones a indicadores medibles<\/h3>\n<p style=\"line-height:1.8;margin-bottom:20px;\">Las metas de diversidad sin datos siguen siendo meras declaraciones de intenci\u00f3n. El analytics hace transparente el progreso: \u00bfc\u00f3mo evoluciona la brecha salarial entre g\u00e9neros? \u00bfEn qu\u00e9 niveles jer\u00e1rquicos aparecen cuellos de botella en materia de diversidad? \u00bfD\u00f3nde surten efecto las formaciones contra sesgos y d\u00f3nde no? Las empresas que gestionan la diversidad con base en datos informan de una tasa de innovaci\u00f3n un 19 % superior (Estudio BCG sobre Diversidad e Innovaci\u00f3n).<\/p>\n<blockquote style=\"margin:32px 0;padding:24px 28px;background:linear-gradient(135deg,#fff5f5 0%,#ffe8e8 100%);border-left:4px solid #F21F05;border-radius:0 8px 8px 0;font-size:1.25em;line-height:1.5;color:#495057;font-style:italic;font-weight:600;\">\n<p>\n\u00abA pesar de inversiones multimillonarias en plataformas de RR.HH., menos del 10 % de las empresas pueden vincular sistem\u00e1ticamente sus datos de personal con indicadores empresariales.\u00bb<br \/>\n<span style=\"display:block;font-size:0.65em;font-style:normal;font-weight:400;margin-top:8px;opacity:0.7;\"> &#8211;  Josh Bersin, analista de RR.HH. y fundador de The Josh Bersin Company, noviembre de 2024<\/span>\n<\/p>\n<\/blockquote>\n<h2 style=\"margin-top:64px;margin-bottom:20px;padding-top:64px;\">La protecci\u00f3n de datos es resoluble   &#8211;  cuatro directrices para analytics conforme al RGPD<\/h2>\n<p style=\"line-height:1.8;margin-bottom:20px;\">La objeci\u00f3n m\u00e1s habitual contra el analytics de la fuerza laboral es: \u00abNo podemos hacerlo por motivos de protecci\u00f3n de datos\u00bb. En realidad, el people analytics est\u00e1 claramente regulado bajo el RGPD   &#8211;  siempre que se cumplan cuatro condiciones:<\/p>\n<p style=\"line-height:1.8;margin-bottom:18px;\">\u25cf <strong>Evaluaci\u00f3n de impacto en la protecci\u00f3n de datos (EIPD):<\/strong> Antes del inicio del proyecto, documentar qu\u00e9 datos se recopilan, por qu\u00e9 y c\u00f3mo se minimizan los riesgos. La EIPD es obligatoria, seg\u00fan el art\u00edculo 35 del RGPD, cuando se toman decisiones automatizadas.<\/p>\n<p style=\"line-height:1.8;margin-bottom:18px;\">\u25cf <strong>Acuerdo con el comit\u00e9 de empresa:<\/strong> En Alemania, el comit\u00e9 de empresa tiene derecho de codeterminaci\u00f3n en la introducci\u00f3n de sistemas t\u00e9cnicos destinados a la vigilancia (\u00a7 87 apartado 1 n\u00famero 6 del Estatuto de los Trabajadores). Su implicaci\u00f3n temprana acelera el proyecto, en lugar de bloquearlo.<\/p>\n<p style=\"line-height:1.8;margin-bottom:18px;\">\u25cf <strong>Agregaci\u00f3n a nivel de equipo:<\/strong> Las puntuaciones individuales resultan problem\u00e1ticas. Los paneles de control a nivel de equipo (con al menos 10 personas) ofrecen las mismas percepciones estrat\u00e9gicas sin permitir inferencias personales.<\/p>\n<p style=\"line-height:1.8;margin-bottom:20px;\">\u25cf <strong>Limitaci\u00f3n del prop\u00f3sito:<\/strong> Utilizar los datos exclusivamente para el fin anal\u00edtico definido. Los datos de reclutamiento permanecen en el contexto de reclutamiento, y los datos de compromiso, en el contexto de compromiso. Queda prohibida cualquier reutilizaci\u00f3n oculta.<\/p>\n<h2 style=\"margin-top:64px;margin-bottom:20px;padding-top:64px;\">Entrada pragm\u00e1tica: cinco pasos hacia unos RR.HH. impulsados por datos<\/h2>\n<p style=\"line-height:1.8;margin-bottom:20px;\">El analytics de la fuerza laboral rara vez fracasa por la tecnolog\u00eda. Fracasa por ambiciones excesivas. Las implementaciones m\u00e1s exitosas siguen un patr\u00f3n sencillo:<\/p>\n<div style=\"margin:32px 0;display:flex;flex-wrap:wrap;gap:0;border-radius:12px;overflow:hidden;border:1px solid #e0e0e0;\">\n<div style=\"flex:1.2;min-width:200px;background:#fff5f5;padding:28px 24px;\">\n<div style=\"font-size:0.7em;text-transform:uppercase;letter-spacing:2px;color:#c0392b;margin-bottom:12px;\">Analytics-L\u00fccke<\/div>\n<div style=\"font-size:clamp(1.8em,6vw,2.8em);font-weight:800;color:#c0392b;line-height:1;\">91%<\/div>\n<div style=\"font-size:0.9em;margin-top:6px;color:#333;line-height:1.4;\">de las empresas de DACH sin people analytics avanzado<br \/><span style=\"color:#666;\">Fuente: Deloitte, 2024<\/span><\/div>\n<\/div>\n<div style=\"flex:1;min-width:180px;background:#f8f9fa;padding:28px 24px;border-left:1px solid #e0e0e0;\">\n<div style=\"font-size:0.7em;text-transform:uppercase;letter-spacing:2px;color:#F21F05;margin-bottom:12px;\">ROI Recruiting<\/div>\n<div style=\"font-size:clamp(1.8em,6vw,2.8em);font-weight:800;color:#F21F05;line-height:1;\">-35%<\/div>\n<div style=\"font-size:0.9em;margin-top:6px;color:#333;line-height:1.4;\">menos costes gracias a modelos de selecci\u00f3n basados en datos<\/div>\n<\/div>\n<\/div>\n<p style=\"line-height:1.8;margin-bottom:18px;\">\u25cf <strong>Paso 1   &#8211;  Una pregunta comercial concreta:<\/strong> No \u00abAhora vamos a aplicar people analytics\u00bb, sino \u00ab\u00bfPor qu\u00e9 perdemos al 30 % de nuestros nuevos empleados en los primeros 12 meses?\u00bb. Una pregunta precisa genera un resultado medible.<\/p>\n<p style=\"line-height:1.8;margin-bottom:18px;\">\u25cf <strong>Paso 2   &#8211;  Equipo peque\u00f1o, funciones claras:<\/strong> Un partner comercial de RR.HH., un analista de datos (puede provenir de Finanzas o Marketing) y un delegado de protecci\u00f3n de datos. Tres personas bastan para comenzar.<\/p>\n<p style=\"line-height:1.8;margin-bottom:18px;\">\u25cf <strong>Paso 3   &#8211;  Herramientas est\u00e1ndar en lugar de soluciones especializadas:<\/strong> Power BI, Tableau o incluso Excel con Power Query. SAP SuccessFactors, Workday y Personio ofrecen m\u00f3dulos propios de analytics. El primer caso de uso no requiere una <a href=\"https:\/\/mybusinessfuture.com\/digital-procurement-wie-intelligente-beschaffung-millionen-spart\/\" target=\"_blank\" rel=\"noopener\">inversi\u00f3n millonaria<\/a>.<\/p>\n<p style=\"line-height:1.8;margin-bottom:18px;\">\u25cf <strong>Paso 4   &#8211;  Lenguaje empresarial, no estad\u00edstico:<\/strong> Ning\u00fan director de RR.HH. quiere ver valores de R-cuadrado. En su lugar: \u00abEl canal X aporta empleados que permanecen 18 meses m\u00e1s que la media   &#8211;  con un 40 % menos de costes de adquisici\u00f3n\u00bb. Esto lo entiende cualquier consejo de administraci\u00f3n.<\/p>\n<p style=\"line-height:1.8;margin-bottom:20px;\">\u25cf <strong>Paso 5   &#8211;  Documentar un primer \u00e9xito r\u00e1pido y luego escalar:<\/strong> El primer caso de uso aporta la prueba de valor. Solo despu\u00e9s se ampl\u00eda el alcance   &#8211;  hacia la predicci\u00f3n de rotaci\u00f3n, el mapeo de competencias o los paneles de control de diversidad.<\/p>\n<h2 style=\"margin-top:64px;margin-bottom:20px;padding-top:64px;\">\u00bfQu\u00e9 sistemas de RR.HH. proporcionan la base de datos?<\/h2>\n<p style=\"line-height:1.8;margin-bottom:20px;\">La elecci\u00f3n del sistema de RR.HH. determina con qu\u00e9 rapidez una empresa se vuelve capaz de aplicar analytics. Las cuatro plataformas m\u00e1s relevantes en el mercado de DACH:<\/p>\n<p style=\"line-height:1.8;margin-bottom:18px;\">\u25cf <strong>SAP SuccessFactors:<\/strong> L\u00edder de mercado entre grandes corporaciones (a partir de 5.000 empleados). M\u00f3dulo propio de People Analytics con paneles preconfigurados. Punto fuerte: integraci\u00f3n con SAP ERP. Punto d\u00e9bil: complejidad en la personalizaci\u00f3n.<\/p>\n<p style=\"line-height:1.8;margin-bottom:18px;\">\u25cf <strong>Workday:<\/strong> Fuerte en empresas internacionales. Analytics nativo con motor Prism Analytics Engine. Punto fuerte: modelo de datos unificado. Punto d\u00e9bil: duraci\u00f3n de la implantaci\u00f3n de 6 a 12 meses.<\/p>\n<p style=\"line-height:1.8;margin-bottom:18px;\">\u25cf <strong>Personio:<\/strong> L\u00edder en la peque\u00f1a y mediana empresa europea (50-2.000 empleados). Sus funciones de analytics est\u00e1n en expansi\u00f3n, aunque a\u00fan carece de un m\u00f3dulo predictivo. Punto fuerte: implantaci\u00f3n r\u00e1pida y conformidad nativa con el RGPD. Punto d\u00e9bil: informes personalizados limitados.<\/p>\n<p style=\"line-height:1.8;margin-bottom:20px;\">\u25cf <strong>HiBob:<\/strong> Ascendente entre empresas tecnol\u00f3gicas y <em>scale-ups<\/em>. Paneles intuitivos y buena conectividad mediante API. Punto fuerte: experiencia de usuario moderna. Punto d\u00e9bil: menor difusi\u00f3n entre pymes tradicionales.<\/p>\n<p style=\"line-height:1.8;margin-bottom:20px;\">Lo decisivo no es tanto el sistema como la calidad de los datos. El mayor reto sigue siendo la limpieza y armonizaci\u00f3n de los datos hist\u00f3ricos de personal   &#8211;  especialmente tras fusiones o <a href=\"https:\/\/mybusinessfuture.com\/sap-migration-2026-mittelstand-zugzwang\/\" target=\"_blank\" rel=\"noopener\">migraciones de sistemas<\/a>.<\/p>\n<div class=\"faq-section\" style=\"background:#f8f9fa;border:1px solid #e9ecef;border-radius:6px;padding:16px 18px;margin:24px 0 16px;\">\n<h2 style=\"margin-top:16px;margin-bottom:20px;padding-top:0;\">Preguntas frecuentes<\/h2>\n<details>\n<summary><span style=\"color:#F21F05;font-size:13px;flex-shrink:0;\">\u25b8<\/span><strong>\u00bfEs legal el analytics de la fuerza laboral desde el punto de vista de la protecci\u00f3n de datos?<\/strong><\/summary>\n<p style=\"line-height:1.8;margin:12px 0 4px 21px;\">S\u00ed   &#8211;  siempre que se definan marcos claros. Es obligatoria una evaluaci\u00f3n de impacto en la protecci\u00f3n de datos (EIPD) seg\u00fan el art\u00edculo 35 del RGPD. Adem\u00e1s, se requiere un acuerdo con el comit\u00e9 de empresa, la agregaci\u00f3n a nivel de equipo (m\u00ednimo 10 personas) y una estricta limitaci\u00f3n del prop\u00f3sito. Por el contrario, los modelos de puntuaci\u00f3n individuales para empleados concretos son problem\u00e1ticos y deben evitarse.<\/p>\n<\/details>\n<details>\n<summary><span style=\"color:#F21F05;font-size:13px;flex-shrink:0;\">\u25b8<\/span><strong>\u00bfQu\u00e9 sistemas de RR.HH. son adecuados para el people analytics?<\/strong><\/summary>\n<p style=\"line-height:1.8;margin:12px 0 4px 21px;\">SAP SuccessFactors y Workday ofrecen m\u00f3dulos de analytics nativos para grandes corporaciones. Personio cubre a la peque\u00f1a y mediana empresa europea, mientras que HiBob se adapta a empresas tecnol\u00f3gicas. Alternativamente, los datos de cualquier sistema pueden extraerse mediante API y analizarse en Power BI o Tableau.<\/p>\n<\/details>\n<details>\n<summary><span style=\"color:#F21F05;font-size:13px;flex-shrink:0;\">\u25b8<\/span><strong>\u00bfA partir de qu\u00e9 tama\u00f1o empresarial merece la pena el analytics de la fuerza laboral?<\/strong><\/summary>\n<p style=\"line-height:1.8;margin:12px 0 4px 21px;\">Para modelos predictivos estad\u00edsticamente fiables se requieren al menos 200 empleados. Las empresas m\u00e1s peque\u00f1as pueden comenzar con paneles descriptivos de KPI (rotaci\u00f3n, tiempo medio de ocupaci\u00f3n de puestos, absentismo) y ya obtener de ellos orientaciones operativas.<\/p>\n<\/details>\n<details>\n<summary><span style=\"color:#F21F05;font-size:13px;flex-shrink:0;\">\u25b8<\/span><strong>\u00bfCu\u00e1l es el coste de implantar el people analytics?<\/strong><\/summary>\n<p style=\"line-height:1.8;margin:12px 0 4px 21px;\">El inicio con herramientas existentes (Power BI, sistema de RR.HH. ya instalado) pr\u00e1cticamente no supone costes adicionales, salvo el tiempo del personal. Plataformas dedicadas como Visier o One Model tienen un coste de entre 3 y 10 euros por empleado y mes. El retorno de la inversi\u00f3n suele evidenciarse t\u00edpicamente en un plazo de 6 a 12 meses gracias a menores costes de reclutamiento y menor rotaci\u00f3n.<\/p>\n<\/details>\n<details style=\"padding:12px 0;margin:0;\">\n<summary><span style=\"color:#F21F05;font-size:13px;flex-shrink:0;\">\u25b8<\/span><strong>\u00bfCu\u00e1nto tiempo tarda el analytics de la fuerza laboral en producir resultados?<\/strong><\/summary>\n<p style=\"line-height:1.8;margin:12px 0 4px 21px;\">Los paneles descriptivos (estado actual) est\u00e1n disponibles en 4 a 8 semanas. Los modelos predictivos (predicci\u00f3n de rotaci\u00f3n, puntuaci\u00f3n de reclutamiento) requieren de 3 a 6 meses, pues es necesario limpiar los datos hist\u00f3ricos y entrenar los modelos. El primer \u00e9xito r\u00e1pido deber\u00eda ser visible tras 6 a 8 semanas.<\/p>\n<\/details>\n<\/div>\n<h2 style=\"margin-top:64px;margin-bottom:20px;padding-top:64px;\">Lecturas complementarias<\/h2>\n<ul>\n<li><a href=\"https:\/\/mybusinessfuture.com\/fachkraefte-wende-fuenf-strategien-die-tatsaechlich-funktionieren\/\" target=\"_blank\" rel=\"noopener\">Cambio de paradigma en el talento: cinco estrategias que realmente funcionan   &#8211;   MyBusinessFuture<\/a><\/li>\n<li><a href=\"https:\/\/www.digital-chiefs.de\/149-000-offene-it-stellen-wie-cios-ki-copiloten-als-fachkraeftersatz-nutzen\/\" target=\"_blank\" rel=\"noopener\">149.000 puestos de IT vacantes: copilotos de IA como sustitutos de profesionales   &#8211;   Digital Chiefs<\/a><\/li>\n<li><a href=\"https:\/\/www.cloudmagazin.com\/es\/2026\/03\/08\/cloud-fachkraefte-deutschland-upskilling-aufholt\/\" target=\"_blank\" rel=\"noopener\">Profesionales de la nube: por qu\u00e9 Alemania est\u00e1 recuperando terreno en <em>upskilling<\/em>   &#8211;   cloudmagazin<\/a><\/li>\n<\/ul>\n<\/p>\n<p style=\"text-align:right;color:#868e96;font-size:0.85em;margin-top:36px;\"><em>Fuente de imagen: Pexels \/ Pixabay<\/em><\/p>\n","protected":false},"excerpt":{"rendered":"<p>7 min de lectura Los departamentos de RR.HH. recopilan datos de candidaturas, evaluaciones de desempe\u00f1o, encuestas de compromiso y entrevistas de salida. El analytics de la fuerza laboral transforma este conjunto de datos en conocimientos estrat\u00e9gicos &#8211; y reduce simult\u00e1neamente los costes de reclutamiento hasta un 35 %. A pesar de ello, solo el 9 [&hellip;]<\/p>\n","protected":false},"author":205,"featured_media":88004,"comment_status":"closed","ping_status":"closed","sticky":false,"template":"","format":"standard","meta":{"_acf_changed":false,"_yoast_wpseo_focuskw":"fuerza laboral","_yoast_wpseo_title":"Fuerza laboral: Datos para decisiones de personal efectivas","_yoast_wpseo_metadesc":"Analytics de la fuerza laboral: toma decisiones de personal precisas y mejora la retenci\u00f3n. Descubre c\u00f3mo usar los datos hoy.","_yoast_wpseo_meta-robots-noindex":"","_yoast_wpseo_meta-robots-nofollow":"","_yoast_wpseo_meta-robots-adv":"","_yoast_wpseo_canonical":"","_yoast_wpseo_opengraph-title":"","_yoast_wpseo_opengraph-description":"","_yoast_wpseo_opengraph-image":"","_yoast_wpseo_opengraph-image-id":0,"_yoast_wpseo_twitter-title":"","_yoast_wpseo_twitter-description":"","_yoast_wpseo_twitter-image":"","_yoast_wpseo_twitter-image-id":0,"featured_post_sortierung":0,"featured_post":0,"pre_headline":"","bildquelle":"","teasertext":"","language":"de","footnotes":""},"categories":[1276,2235,2241,2027,2195,2248],"tags":[],"class_list":{"0":"post-93962","1":"post","2":"type-post","3":"status-publish","4":"format-standard","5":"has-post-thumbnail","6":"hentry","7":"category-digital-business-future","9":"category-inteligencia-artificial","10":"category-kuenstliche-intelligenz","11":"category-talents-new-work","13":"entry"},"wpml_language":"es","wpml_translation_of":88010,"acf":[],"yoast_head":"<!-- This site is optimized with the Yoast SEO plugin v26.9 - https:\/\/yoast.com\/product\/yoast-seo-wordpress\/ -->\n<title>Fuerza laboral: Datos para decisiones de personal efectivas<\/title>\n<meta name=\"description\" content=\"Analytics de la fuerza laboral: toma decisiones de personal precisas y mejora la retenci\u00f3n. Descubre c\u00f3mo usar los datos hoy.\" \/>\n<meta name=\"robots\" content=\"index, follow, max-snippet:-1, max-image-preview:large, max-video-preview:-1\" \/>\n<link rel=\"canonical\" href=\"https:\/\/mybusinessfuture.com\/es\/analytics-de-la-fuerza-laboral-decisiones-de-personal-basadas-en-datos-no-en-int\/\" \/>\n<meta property=\"og:locale\" content=\"es_ES\" \/>\n<meta property=\"og:type\" content=\"article\" \/>\n<meta property=\"og:title\" content=\"Fuerza laboral: Datos para decisiones de personal efectivas\" \/>\n<meta property=\"og:description\" content=\"Analytics de la fuerza laboral: toma decisiones de personal precisas y mejora la retenci\u00f3n. Descubre c\u00f3mo usar los datos hoy.\" \/>\n<meta property=\"og:url\" content=\"https:\/\/mybusinessfuture.com\/es\/analytics-de-la-fuerza-laboral-decisiones-de-personal-basadas-en-datos-no-en-int\/\" \/>\n<meta property=\"og:site_name\" content=\"MyBusinessFuture\" \/>\n<meta property=\"article:publisher\" content=\"https:\/\/www.facebook.com\/MyBusinessFuture\" \/>\n<meta property=\"article:published_time\" content=\"2026-04-03T14:08:15+00:00\" \/>\n<meta property=\"article:modified_time\" content=\"2026-04-04T08:42:31+00:00\" \/>\n<meta property=\"og:image\" content=\"https:\/\/mybusinessfuture.com\/wp-content\/uploads\/2026\/03\/hr-analytics-team.jpg\" \/>\n\t<meta property=\"og:image:width\" content=\"1880\" \/>\n\t<meta property=\"og:image:height\" content=\"1253\" \/>\n\t<meta property=\"og:image:type\" content=\"image\/jpeg\" \/>\n<meta name=\"author\" content=\"Tobias Massow\" \/>\n<meta name=\"twitter:card\" content=\"summary_large_image\" \/>\n<meta name=\"twitter:creator\" content=\"@mbusinessfuture\" \/>\n<meta name=\"twitter:site\" content=\"@mbusinessfuture\" \/>\n<meta name=\"twitter:label1\" content=\"Escrito por\" \/>\n\t<meta name=\"twitter:data1\" content=\"Tobias Massow\" \/>\n\t<meta name=\"twitter:label2\" content=\"Tiempo de lectura\" \/>\n\t<meta name=\"twitter:data2\" content=\"10 minutos\" \/>\n<script type=\"application\/ld+json\" class=\"yoast-schema-graph\">{\"@context\":\"https:\/\/schema.org\",\"@graph\":[{\"@type\":\"NewsArticle\",\"@id\":\"https:\/\/mybusinessfuture.com\/es\/analytics-de-la-fuerza-laboral-decisiones-de-personal-basadas-en-datos-no-en-int\/#article\",\"isPartOf\":{\"@id\":\"https:\/\/mybusinessfuture.com\/es\/analytics-de-la-fuerza-laboral-decisiones-de-personal-basadas-en-datos-no-en-int\/\"},\"author\":{\"name\":\"Tobias Massow\",\"@id\":\"https:\/\/mybusinessfuture.com\/#\/schema\/person\/5a5f67d388de091844cc887ac56f3760\"},\"headline\":\"Analytics de la fuerza laboral: decisiones de personal basadas en datos, no en intuici\u00f3n\",\"datePublished\":\"2026-04-03T14:08:15+00:00\",\"dateModified\":\"2026-04-04T08:42:31+00:00\",\"mainEntityOfPage\":{\"@id\":\"https:\/\/mybusinessfuture.com\/es\/analytics-de-la-fuerza-laboral-decisiones-de-personal-basadas-en-datos-no-en-int\/\"},\"wordCount\":2105,\"publisher\":{\"@id\":\"https:\/\/mybusinessfuture.com\/#organization\"},\"image\":{\"@id\":\"https:\/\/mybusinessfuture.com\/es\/analytics-de-la-fuerza-laboral-decisiones-de-personal-basadas-en-datos-no-en-int\/#primaryimage\"},\"thumbnailUrl\":\"https:\/\/mybusinessfuture.com\/wp-content\/uploads\/2026\/03\/hr-analytics-team.jpg\",\"articleSection\":[\"Digital Business &amp; Future\",\"Digital Business &amp; Future\",\"Inteligencia Artificial\",\"K\u00fcnstliche Intelligenz\",\"Talents &amp; New Work\",\"Talents &amp; New Work\"],\"inLanguage\":\"es\"},{\"@type\":\"WebPage\",\"@id\":\"https:\/\/mybusinessfuture.com\/es\/analytics-de-la-fuerza-laboral-decisiones-de-personal-basadas-en-datos-no-en-int\/\",\"url\":\"https:\/\/mybusinessfuture.com\/es\/analytics-de-la-fuerza-laboral-decisiones-de-personal-basadas-en-datos-no-en-int\/\",\"name\":\"Fuerza laboral: Datos para decisiones de personal efectivas\",\"isPartOf\":{\"@id\":\"https:\/\/mybusinessfuture.com\/#website\"},\"primaryImageOfPage\":{\"@id\":\"https:\/\/mybusinessfuture.com\/es\/analytics-de-la-fuerza-laboral-decisiones-de-personal-basadas-en-datos-no-en-int\/#primaryimage\"},\"image\":{\"@id\":\"https:\/\/mybusinessfuture.com\/es\/analytics-de-la-fuerza-laboral-decisiones-de-personal-basadas-en-datos-no-en-int\/#primaryimage\"},\"thumbnailUrl\":\"https:\/\/mybusinessfuture.com\/wp-content\/uploads\/2026\/03\/hr-analytics-team.jpg\",\"datePublished\":\"2026-04-03T14:08:15+00:00\",\"dateModified\":\"2026-04-04T08:42:31+00:00\",\"description\":\"Analytics de la fuerza laboral: toma decisiones de personal precisas y mejora la retenci\u00f3n. Descubre c\u00f3mo usar los datos hoy.\",\"breadcrumb\":{\"@id\":\"https:\/\/mybusinessfuture.com\/es\/analytics-de-la-fuerza-laboral-decisiones-de-personal-basadas-en-datos-no-en-int\/#breadcrumb\"},\"inLanguage\":\"es\",\"potentialAction\":[{\"@type\":\"ReadAction\",\"target\":[\"https:\/\/mybusinessfuture.com\/es\/analytics-de-la-fuerza-laboral-decisiones-de-personal-basadas-en-datos-no-en-int\/\"]}]},{\"@type\":\"ImageObject\",\"inLanguage\":\"es\",\"@id\":\"https:\/\/mybusinessfuture.com\/es\/analytics-de-la-fuerza-laboral-decisiones-de-personal-basadas-en-datos-no-en-int\/#primaryimage\",\"url\":\"https:\/\/mybusinessfuture.com\/wp-content\/uploads\/2026\/03\/hr-analytics-team.jpg\",\"contentUrl\":\"https:\/\/mybusinessfuture.com\/wp-content\/uploads\/2026\/03\/hr-analytics-team.jpg\",\"width\":1880,\"height\":1253,\"caption\":\"Workforce Analytics: Datenbasierte Personalentscheidungen statt Bauchgefuehl\"},{\"@type\":\"BreadcrumbList\",\"@id\":\"https:\/\/mybusinessfuture.com\/es\/analytics-de-la-fuerza-laboral-decisiones-de-personal-basadas-en-datos-no-en-int\/#breadcrumb\",\"itemListElement\":[{\"@type\":\"ListItem\",\"position\":1,\"name\":\"Startseite\",\"item\":\"https:\/\/mybusinessfuture.com\/\"},{\"@type\":\"ListItem\",\"position\":2,\"name\":\"Analytics de la fuerza laboral: decisiones de personal basadas en datos, no en intuici\u00f3n\"}]},{\"@type\":\"WebSite\",\"@id\":\"https:\/\/mybusinessfuture.com\/#website\",\"url\":\"https:\/\/mybusinessfuture.com\/\",\"name\":\"MyBusinessFuture\",\"description\":\"B2B-Magazin f\u00fcr Digitalisierung, KI und Business-Innovation \u2014 Fachartikel f\u00fcr IT-Entscheider im DACH-Raum\",\"publisher\":{\"@id\":\"https:\/\/mybusinessfuture.com\/#organization\"},\"potentialAction\":[{\"@type\":\"SearchAction\",\"target\":{\"@type\":\"EntryPoint\",\"urlTemplate\":\"https:\/\/mybusinessfuture.com\/?s={search_term_string}\"},\"query-input\":{\"@type\":\"PropertyValueSpecification\",\"valueRequired\":true,\"valueName\":\"search_term_string\"}}],\"inLanguage\":\"es\"},{\"@type\":\"Organization\",\"@id\":\"https:\/\/mybusinessfuture.com\/#organization\",\"name\":\"MyBusinessFuture\",\"url\":\"https:\/\/mybusinessfuture.com\/\",\"logo\":{\"@type\":\"ImageObject\",\"inLanguage\":\"es\",\"@id\":\"https:\/\/mybusinessfuture.com\/#\/schema\/logo\/image\/\",\"url\":\"https:\/\/mybusinessfuture.com\/wp-content\/uploads\/2020\/10\/MBF-logo-schwarz.png\",\"contentUrl\":\"https:\/\/mybusinessfuture.com\/wp-content\/uploads\/2020\/10\/MBF-logo-schwarz.png\",\"width\":398,\"height\":241,\"caption\":\"MyBusinessFuture\"},\"image\":{\"@id\":\"https:\/\/mybusinessfuture.com\/#\/schema\/logo\/image\/\"},\"sameAs\":[\"https:\/\/www.facebook.com\/MyBusinessFuture\",\"https:\/\/x.com\/mbusinessfuture\",\"https:\/\/www.linkedin.com\/showcase\/mybusinessfuture\/\"]},{\"@type\":\"Person\",\"@id\":\"https:\/\/mybusinessfuture.com\/#\/schema\/person\/5a5f67d388de091844cc887ac56f3760\",\"name\":\"Tobias Massow\",\"description\":\"Tobias Massow ist Gesch\u00e4ftsf\u00fchrer der Evernine Media GmbH und Herausgeber von MyBusinessFuture. Er verantwortet die strategische Ausrichtung des Magazins und des gesamten MBF Media Netzwerks mit vier B2B-Fachmagazinen f\u00fcr IT-Entscheider im deutschsprachigen Raum.\",\"sameAs\":[\"https:\/\/www.linkedin.com\/in\/tobias-massow\/\"],\"url\":\"https:\/\/mybusinessfuture.com\/es\/experte\/tobias-evm\/\"}]}<\/script>\n<!-- \/ Yoast SEO plugin. -->","yoast_head_json":{"title":"Fuerza laboral: Datos para decisiones de personal efectivas","description":"Analytics de la fuerza laboral: toma decisiones de personal precisas y mejora la retenci\u00f3n. Descubre c\u00f3mo usar los datos hoy.","robots":{"index":"index","follow":"follow","max-snippet":"max-snippet:-1","max-image-preview":"max-image-preview:large","max-video-preview":"max-video-preview:-1"},"canonical":"https:\/\/mybusinessfuture.com\/es\/analytics-de-la-fuerza-laboral-decisiones-de-personal-basadas-en-datos-no-en-int\/","og_locale":"es_ES","og_type":"article","og_title":"Fuerza laboral: Datos para decisiones de personal efectivas","og_description":"Analytics de la fuerza laboral: toma decisiones de personal precisas y mejora la retenci\u00f3n. Descubre c\u00f3mo usar los datos hoy.","og_url":"https:\/\/mybusinessfuture.com\/es\/analytics-de-la-fuerza-laboral-decisiones-de-personal-basadas-en-datos-no-en-int\/","og_site_name":"MyBusinessFuture","article_publisher":"https:\/\/www.facebook.com\/MyBusinessFuture","article_published_time":"2026-04-03T14:08:15+00:00","article_modified_time":"2026-04-04T08:42:31+00:00","og_image":[{"width":1880,"height":1253,"url":"https:\/\/mybusinessfuture.com\/wp-content\/uploads\/2026\/03\/hr-analytics-team.jpg","type":"image\/jpeg"}],"author":"Tobias Massow","twitter_card":"summary_large_image","twitter_creator":"@mbusinessfuture","twitter_site":"@mbusinessfuture","twitter_misc":{"Escrito por":"Tobias Massow","Tiempo de lectura":"10 minutos"},"schema":{"@context":"https:\/\/schema.org","@graph":[{"@type":"NewsArticle","@id":"https:\/\/mybusinessfuture.com\/es\/analytics-de-la-fuerza-laboral-decisiones-de-personal-basadas-en-datos-no-en-int\/#article","isPartOf":{"@id":"https:\/\/mybusinessfuture.com\/es\/analytics-de-la-fuerza-laboral-decisiones-de-personal-basadas-en-datos-no-en-int\/"},"author":{"name":"Tobias Massow","@id":"https:\/\/mybusinessfuture.com\/#\/schema\/person\/5a5f67d388de091844cc887ac56f3760"},"headline":"Analytics de la fuerza laboral: decisiones de personal basadas en datos, no en intuici\u00f3n","datePublished":"2026-04-03T14:08:15+00:00","dateModified":"2026-04-04T08:42:31+00:00","mainEntityOfPage":{"@id":"https:\/\/mybusinessfuture.com\/es\/analytics-de-la-fuerza-laboral-decisiones-de-personal-basadas-en-datos-no-en-int\/"},"wordCount":2105,"publisher":{"@id":"https:\/\/mybusinessfuture.com\/#organization"},"image":{"@id":"https:\/\/mybusinessfuture.com\/es\/analytics-de-la-fuerza-laboral-decisiones-de-personal-basadas-en-datos-no-en-int\/#primaryimage"},"thumbnailUrl":"https:\/\/mybusinessfuture.com\/wp-content\/uploads\/2026\/03\/hr-analytics-team.jpg","articleSection":["Digital Business &amp; Future","Digital Business &amp; Future","Inteligencia Artificial","K\u00fcnstliche Intelligenz","Talents &amp; New Work","Talents &amp; New Work"],"inLanguage":"es"},{"@type":"WebPage","@id":"https:\/\/mybusinessfuture.com\/es\/analytics-de-la-fuerza-laboral-decisiones-de-personal-basadas-en-datos-no-en-int\/","url":"https:\/\/mybusinessfuture.com\/es\/analytics-de-la-fuerza-laboral-decisiones-de-personal-basadas-en-datos-no-en-int\/","name":"Fuerza laboral: Datos para decisiones de personal efectivas","isPartOf":{"@id":"https:\/\/mybusinessfuture.com\/#website"},"primaryImageOfPage":{"@id":"https:\/\/mybusinessfuture.com\/es\/analytics-de-la-fuerza-laboral-decisiones-de-personal-basadas-en-datos-no-en-int\/#primaryimage"},"image":{"@id":"https:\/\/mybusinessfuture.com\/es\/analytics-de-la-fuerza-laboral-decisiones-de-personal-basadas-en-datos-no-en-int\/#primaryimage"},"thumbnailUrl":"https:\/\/mybusinessfuture.com\/wp-content\/uploads\/2026\/03\/hr-analytics-team.jpg","datePublished":"2026-04-03T14:08:15+00:00","dateModified":"2026-04-04T08:42:31+00:00","description":"Analytics de la fuerza laboral: toma decisiones de personal precisas y mejora la retenci\u00f3n. Descubre c\u00f3mo usar los datos hoy.","breadcrumb":{"@id":"https:\/\/mybusinessfuture.com\/es\/analytics-de-la-fuerza-laboral-decisiones-de-personal-basadas-en-datos-no-en-int\/#breadcrumb"},"inLanguage":"es","potentialAction":[{"@type":"ReadAction","target":["https:\/\/mybusinessfuture.com\/es\/analytics-de-la-fuerza-laboral-decisiones-de-personal-basadas-en-datos-no-en-int\/"]}]},{"@type":"ImageObject","inLanguage":"es","@id":"https:\/\/mybusinessfuture.com\/es\/analytics-de-la-fuerza-laboral-decisiones-de-personal-basadas-en-datos-no-en-int\/#primaryimage","url":"https:\/\/mybusinessfuture.com\/wp-content\/uploads\/2026\/03\/hr-analytics-team.jpg","contentUrl":"https:\/\/mybusinessfuture.com\/wp-content\/uploads\/2026\/03\/hr-analytics-team.jpg","width":1880,"height":1253,"caption":"Workforce Analytics: Datenbasierte Personalentscheidungen statt Bauchgefuehl"},{"@type":"BreadcrumbList","@id":"https:\/\/mybusinessfuture.com\/es\/analytics-de-la-fuerza-laboral-decisiones-de-personal-basadas-en-datos-no-en-int\/#breadcrumb","itemListElement":[{"@type":"ListItem","position":1,"name":"Startseite","item":"https:\/\/mybusinessfuture.com\/"},{"@type":"ListItem","position":2,"name":"Analytics de la fuerza laboral: decisiones de personal basadas en datos, no en intuici\u00f3n"}]},{"@type":"WebSite","@id":"https:\/\/mybusinessfuture.com\/#website","url":"https:\/\/mybusinessfuture.com\/","name":"MyBusinessFuture","description":"B2B-Magazin f\u00fcr Digitalisierung, KI und Business-Innovation \u2014 Fachartikel f\u00fcr IT-Entscheider im DACH-Raum","publisher":{"@id":"https:\/\/mybusinessfuture.com\/#organization"},"potentialAction":[{"@type":"SearchAction","target":{"@type":"EntryPoint","urlTemplate":"https:\/\/mybusinessfuture.com\/?s={search_term_string}"},"query-input":{"@type":"PropertyValueSpecification","valueRequired":true,"valueName":"search_term_string"}}],"inLanguage":"es"},{"@type":"Organization","@id":"https:\/\/mybusinessfuture.com\/#organization","name":"MyBusinessFuture","url":"https:\/\/mybusinessfuture.com\/","logo":{"@type":"ImageObject","inLanguage":"es","@id":"https:\/\/mybusinessfuture.com\/#\/schema\/logo\/image\/","url":"https:\/\/mybusinessfuture.com\/wp-content\/uploads\/2020\/10\/MBF-logo-schwarz.png","contentUrl":"https:\/\/mybusinessfuture.com\/wp-content\/uploads\/2020\/10\/MBF-logo-schwarz.png","width":398,"height":241,"caption":"MyBusinessFuture"},"image":{"@id":"https:\/\/mybusinessfuture.com\/#\/schema\/logo\/image\/"},"sameAs":["https:\/\/www.facebook.com\/MyBusinessFuture","https:\/\/x.com\/mbusinessfuture","https:\/\/www.linkedin.com\/showcase\/mybusinessfuture\/"]},{"@type":"Person","@id":"https:\/\/mybusinessfuture.com\/#\/schema\/person\/5a5f67d388de091844cc887ac56f3760","name":"Tobias Massow","description":"Tobias Massow ist Gesch\u00e4ftsf\u00fchrer der Evernine Media GmbH und Herausgeber von MyBusinessFuture. Er verantwortet die strategische Ausrichtung des Magazins und des gesamten MBF Media Netzwerks mit vier B2B-Fachmagazinen f\u00fcr IT-Entscheider im deutschsprachigen Raum.","sameAs":["https:\/\/www.linkedin.com\/in\/tobias-massow\/"],"url":"https:\/\/mybusinessfuture.com\/es\/experte\/tobias-evm\/"}]}},"_links":{"self":[{"href":"https:\/\/mybusinessfuture.com\/es\/wp-json\/wp\/v2\/posts\/93962","targetHints":{"allow":["GET"]}}],"collection":[{"href":"https:\/\/mybusinessfuture.com\/es\/wp-json\/wp\/v2\/posts"}],"about":[{"href":"https:\/\/mybusinessfuture.com\/es\/wp-json\/wp\/v2\/types\/post"}],"author":[{"embeddable":true,"href":"https:\/\/mybusinessfuture.com\/es\/wp-json\/wp\/v2\/users\/205"}],"replies":[{"embeddable":true,"href":"https:\/\/mybusinessfuture.com\/es\/wp-json\/wp\/v2\/comments?post=93962"}],"version-history":[{"count":1,"href":"https:\/\/mybusinessfuture.com\/es\/wp-json\/wp\/v2\/posts\/93962\/revisions"}],"predecessor-version":[{"id":93963,"href":"https:\/\/mybusinessfuture.com\/es\/wp-json\/wp\/v2\/posts\/93962\/revisions\/93963"}],"wp:featuredmedia":[{"embeddable":true,"href":"https:\/\/mybusinessfuture.com\/es\/wp-json\/wp\/v2\/media\/88004"}],"wp:attachment":[{"href":"https:\/\/mybusinessfuture.com\/es\/wp-json\/wp\/v2\/media?parent=93962"}],"wp:term":[{"taxonomy":"category","embeddable":true,"href":"https:\/\/mybusinessfuture.com\/es\/wp-json\/wp\/v2\/categories?post=93962"},{"taxonomy":"post_tag","embeddable":true,"href":"https:\/\/mybusinessfuture.com\/es\/wp-json\/wp\/v2\/tags?post=93962"}],"curies":[{"name":"wp","href":"https:\/\/api.w.org\/{rel}","templated":true}]}}