{"id":92153,"date":"2026-03-30T16:11:42","date_gmt":"2026-03-30T16:11:42","guid":{"rendered":"https:\/\/mybusinessfuture.com\/estudio-la-mayoria-de-los-trabajos-estan-a-salvo-de-la-ia\/"},"modified":"2026-04-01T18:08:39","modified_gmt":"2026-04-01T18:08:39","slug":"estudio-la-mayoria-de-los-trabajos-estan-a-salvo-de-la-ia","status":"publish","type":"post","link":"https:\/\/mybusinessfuture.com\/es\/estudio-la-mayoria-de-los-trabajos-estan-a-salvo-de-la-ia\/","title":{"rendered":"Estudio: La mayor\u00eda de los trabajos est\u00e1n a salvo de la IA"},"content":{"rendered":"<p style=\"color:#6190a9;font-size:0.9em;margin:0 0 16px;padding:0;\">3 minutos de lectura<\/p>\n<p><strong>Muchas personas temen que la inteligencia artificial (IA) les robe su empleo. Sin embargo, un estudio de la plataforma de empleo Indeed demuestra que esta preocupaci\u00f3n suele carecer de fundamento. Un motivo sencillo: la obligatoriedad de presencia f\u00edsica en la mayor\u00eda de los puestos de trabajo.<\/strong><\/p>\n<p>&nbsp;<\/p>\n<p>Seg\u00fan una encuesta de Bitkom publicada a mediados de septiembre de 2025, el 20 % de las empresas prev\u00e9 que la IA tendr\u00e1 impacto en el mercado laboral. El 31 % considera que la inteligencia artificial les ayudar\u00e1 a paliar la escasez de profesionales cualificados. Adem\u00e1s, el 7 % de los encuestados  &#8211; como el presidente de Bitkom, el doctor Ralf Wintergerst &#8211;  conf\u00eda en que la IA generar\u00e1 nuevos empleos.<\/p>\n<p>&nbsp;<\/p>\n<p>Un <a href=\"https:\/\/www.hiringlab.org\/wp-content\/uploads\/2025\/09\/Indeed-Hiring-Lab-AI-at-Work-Report-2025.pdf\" target=\"_blank\" rel=\"noopener\">nuevo informe estadounidense de la plataforma de empleo Indeed<\/a>, filial del gigante japon\u00e9s de recursos humanos Recruit Holdings, inspira alivio, <a href=\"https:\/\/t3n.de\/news\/ki-am-arbeitsplatz-warum-die-meisten-jobs-sicher-sind-laut-studie-1709676\/\" target=\"_blank\" rel=\"noopener\">seg\u00fan t3n<\/a>. La conclusi\u00f3n es clara: solo unas pocas personas corren riesgo de perder su empleo por la IA. M\u00e1s bien, la transformaci\u00f3n impulsada por la inteligencia artificial ser\u00e1 moderada en la mayor\u00eda de los trabajos.<\/p>\n<p>&nbsp;<\/p>\n<h2 style=\"margin-top:64px;margin-bottom:20px;padding-top:16px;\">La IA transforma los empleos, pero no los elimina<\/h2>\n<p>Al mismo tiempo, la preocupaci\u00f3n por la p\u00e9rdida de puestos de trabajo debido a la inteligencia artificial (IA) no carece por completo de fundamento. As\u00ed, el grupo electr\u00f3nico y proveedor automotriz alem\u00e1n Bosch acaba de anunciar que suprimir\u00e1 un total de aproximadamente 13.000 empleos hasta 2030. Anuncios similares han procedido tambi\u00e9n de Ford (entre otros, en Colonia), Commerzbank y Thyssenkrupp. Por ello, seg\u00fan una encuesta de YouGov publicada por la revista semanal <em>Die Zeit<\/em>, <a href=\"https:\/\/www.zeit.de\/news\/2025-08\/23\/jeder-dritte-befuerchtet-arbeitsplatz-verlust-durch-ki\" target=\"_blank\" rel=\"noopener\">un tercio de los alemanes teme<\/a> que el uso creciente de la IA les haga perder su puesto de trabajo. Sin embargo, el estudio de Indeed titulado \u00abInforme sobre la IA en el entorno laboral\u00bb arriba a una conclusi\u00f3n distinta: la IA generativa modificar\u00e1 los empleos m\u00e1s bien que sustituirlos por completo. El \u00ab\u00cdndice de transformaci\u00f3n de competencias por IA generativa\u00bb (GenAI Skill Transformation Index) del informe de Indeed muestra el grado en que la IA generativa ya ha afectado a un total de 52 campos profesionales en Estados Unidos entre mayo de 2024 y abril de 2025.<\/p>\n<p>&nbsp;<\/p>\n<p>La investigaci\u00f3n se bas\u00f3 en los modelos ling\u00fc\u00edsticos GPT-4.1 y Claude Sonnet 4. En promedio, el estudio detecta una transformaci\u00f3n m\u00ednima sin impacto alguno de la IA generativa (\u00abGenAI Impact\u00bb) en el 44 % de las profesiones analizadas; una transformaci\u00f3n asistida con apoyo de la IA generativa en el 12 %; y una transformaci\u00f3n h\u00edbrida en el 44 % restante, donde la IA generativa, supervisada por personas, asume la mayor parte del trabajo.<\/p>\n<p>&nbsp;<\/p>\n<h2 style=\"margin-top:64px;margin-bottom:20px;padding-top:16px;\">Que la IA generativa asuma por completo las tareas es poco probable a corto plazo<\/h2>\n<p>Una transformaci\u00f3n completa mediante una IA generativa (GenAI) totalmente aut\u00f3noma solo se observ\u00f3 en el 2\u202f% de los casos analizados durante el periodo de estudio. En el sector de medios y comunicaci\u00f3n, sin embargo, este porcentaje ya alcanzaba el 8\u202f%, la cifra m\u00e1s alta entre los 52 perfiles profesionales examinados. La menor implantaci\u00f3n de la GenAI se registra en las \u00e1reas de atenci\u00f3n infantil y sanitaria, construcci\u00f3n, log\u00edstica y veterinaria: todos ellos campos que exigen presencia f\u00edsica. Seg\u00fan un an\u00e1lisis de Microsoft citado previamente por la revista tecnol\u00f3gica <em>t3n<\/em>, <a href=\"https:\/\/www.zeit.de\/news\/2025-08\/23\/jeder-dritte-befuerchtet-arbeitsplatz-verlust-durch-ki\" target=\"_blank\" rel=\"noopener\">estos profesionales tambi\u00e9n son los menos propensos a perder su empleo frente a la inteligencia artificial<\/a>.<\/p>\n<p>&nbsp;<\/p>\n<p>El porcentaje de puestos con impacto m\u00ednimo es especialmente bajo en desarrollo de software y en los \u00e1mbitos de datos y an\u00e1lisis (Data &amp; Analytics), seguido de contabilidad, seguros, agentes inmobiliarios, sistemas inform\u00e1ticos y soporte IT, as\u00ed como banca, donde oscila entre el 10 y el 12\u202f%. En marketing y recursos humanos (RR. HH.), el porcentaje de roles con transformaci\u00f3n nula o muy limitada alcanza el 14\u202f%; en derecho y ventas, el 15 y el 18\u202f%, respectivamente.<\/p>\n<p>&nbsp;<\/p>\n<p>Estos ejemplos revelan una paradoja: precisamente los profesionales de TI  &#8211; muchos de los cuales han participado directamente en el desarrollo de la IA y la GenAI &#8211;  ser\u00edan quienes deber\u00edan sentir mayor inseguridad laboral. Sin embargo, seg\u00fan el \u00cdndice de GenAI de Indeed, estos mismos sectores registran el avance m\u00e1s acelerado en cuanto a transformaci\u00f3n h\u00edbrida (es decir, colaboraci\u00f3n humano-m\u00e1quina). Esto supone, para las empresas, una ventaja adicional: reducen su dependencia frente a la escasez de talento especializado y permiten que sus expertos se centren en tareas de mayor valor a\u00f1adido, en lugar de quedar atrapados en labores rutinarias. Lo mismo aplica, seg\u00fan la citada investigaci\u00f3n de Indeed, a las funciones administrativas.<\/p>\n<h2 style=\"margin-top:64px;margin-bottom:20px;padding-top:16px\">Recomendaciones de lectura de la redacci\u00f3n<\/h2>\n<ul>\n<li><a href=\"https:\/\/mybusinessfuture.com\/datenqualitaet-mittelstand-ki-ai-ready-data-2026\/\">Calidad de los datos en las pymes: por qu\u00e9 la inteligencia artificial fracasa sin datos limpios<\/a><\/li>\n<li><a href=\"https:\/\/mybusinessfuture.com\/b2b-plattformen-marktplaetze-vertrieb-mittelstand-2026\/\">Plataformas B2B: por qu\u00e9 los marketplaces est\u00e1n transformando la comercializaci\u00f3n<\/a><\/li>\n<li><a href=\"https:\/\/mybusinessfuture.com\/cyber-versicherung-kmu-deckung-kosten-2026\/\">Seguro cibern\u00e9tico para pymes: qu\u00e9 cobertura real ofrece<\/a><\/li>\n<\/ul>\n<h2 style=\"margin-top:64px;margin-bottom:20px;padding-top:16px;\">M\u00e1s del ecosistema medi\u00e1tico de MBF<\/h2>\n<p><a href=\"https:\/\/www.cloudmagazin.com\" target=\"_blank\">CloudMagazin<\/a> | <a href=\"https:\/\/www.securitytoday.de\" target=\"_blank\">SecurityToday<\/a> | <a href=\"https:\/\/www.digital-chiefs.de\" target=\"_blank\">Digital Chiefs<\/a><\/p>\n<p style=\"text-align: right;line-height:1.8;\">Fuente de la imagen principal: Unsplash \/ Markus Winkler<\/p>\n","protected":false},"excerpt":{"rendered":"<p>Muchos temen que la IA les quite su empleo. Sin embargo, un estudio de Indeed muestra que esta preocupaci\u00f3n suele ser infundada, especialmente por&#8230;<\/p>\n","protected":false},"author":160,"featured_media":86438,"comment_status":"closed","ping_status":"closed","sticky":false,"template":"","format":"standard","meta":{"_acf_changed":false,"_yoast_wpseo_focuskw":"estudio sobre empleos seguros frente a la ia","_yoast_wpseo_title":"","_yoast_wpseo_metadesc":"Muchos temen que la IA les quite su empleo. Un estudio de Indeed muestra que esta preocupaci\u00f3n es infundada, tambi\u00e9n por la obligatoriedad de la...","_yoast_wpseo_meta-robots-noindex":"","_yoast_wpseo_meta-robots-nofollow":"","_yoast_wpseo_meta-robots-adv":"","_yoast_wpseo_canonical":"","_yoast_wpseo_opengraph-title":"","_yoast_wpseo_opengraph-description":"","_yoast_wpseo_opengraph-image":"","_yoast_wpseo_opengraph-image-id":0,"_yoast_wpseo_twitter-title":"","_yoast_wpseo_twitter-description":"","_yoast_wpseo_twitter-image":"","_yoast_wpseo_twitter-image-id":0,"featured_post_sortierung":0,"featured_post":0,"pre_headline":"","bildquelle":"","teasertext":"","language":"de","footnotes":""},"categories":[1276,2235],"tags":[],"class_list":{"0":"post-92153","1":"post","2":"type-post","3":"status-publish","4":"format-standard","5":"has-post-thumbnail","6":"hentry","7":"category-digital-business-future","9":"entry"},"wpml_language":"es","wpml_translation_of":86431,"acf":[],"yoast_head":"<!-- This site is optimized with the Yoast SEO plugin v26.9 - https:\/\/yoast.com\/product\/yoast-seo-wordpress\/ -->\n<title>Estudio: La mayor\u00eda de los trabajos est\u00e1n a salvo de la IA - MyBusinessFuture<\/title>\n<meta name=\"description\" content=\"Muchos temen que la IA les quite su empleo. Un estudio de Indeed muestra que esta preocupaci\u00f3n es infundada, tambi\u00e9n por la obligatoriedad de la...\" \/>\n<meta name=\"robots\" content=\"index, follow, max-snippet:-1, max-image-preview:large, max-video-preview:-1\" \/>\n<link rel=\"canonical\" href=\"https:\/\/mybusinessfuture.com\/es\/estudio-la-mayoria-de-los-trabajos-estan-a-salvo-de-la-ia\/\" \/>\n<meta property=\"og:locale\" content=\"es_ES\" \/>\n<meta property=\"og:type\" content=\"article\" \/>\n<meta property=\"og:title\" content=\"Estudio: La mayor\u00eda de los trabajos est\u00e1n a salvo de la IA - MyBusinessFuture\" \/>\n<meta property=\"og:description\" content=\"Muchos temen que la IA les quite su empleo. Un estudio de Indeed muestra que esta preocupaci\u00f3n es infundada, tambi\u00e9n por la obligatoriedad de la...\" \/>\n<meta property=\"og:url\" content=\"https:\/\/mybusinessfuture.com\/es\/estudio-la-mayoria-de-los-trabajos-estan-a-salvo-de-la-ia\/\" \/>\n<meta property=\"og:site_name\" content=\"MyBusinessFuture\" \/>\n<meta property=\"article:publisher\" content=\"https:\/\/www.facebook.com\/MyBusinessFuture\" \/>\n<meta property=\"article:published_time\" content=\"2026-03-30T16:11:42+00:00\" \/>\n<meta property=\"article:modified_time\" content=\"2026-04-01T18:08:39+00:00\" \/>\n<meta property=\"og:image\" content=\"https:\/\/mybusinessfuture.com\/wp-content\/uploads\/2025\/11\/markus-winkler-tGBXiHcPKrM-unsplash-scaled.jpg\" \/>\n\t<meta property=\"og:image:width\" content=\"2560\" \/>\n\t<meta property=\"og:image:height\" content=\"1707\" \/>\n\t<meta property=\"og:image:type\" content=\"image\/jpeg\" \/>\n<meta name=\"author\" content=\"Benedikt Langer\" \/>\n<meta name=\"twitter:card\" content=\"summary_large_image\" \/>\n<meta name=\"twitter:creator\" content=\"@mbusinessfuture\" \/>\n<meta name=\"twitter:site\" content=\"@mbusinessfuture\" \/>\n<meta name=\"twitter:label1\" content=\"Escrito por\" \/>\n\t<meta name=\"twitter:data1\" content=\"Benedikt Langer\" \/>\n\t<meta name=\"twitter:label2\" content=\"Tiempo de lectura\" \/>\n\t<meta name=\"twitter:data2\" content=\"4 minutos\" \/>\n<script type=\"application\/ld+json\" class=\"yoast-schema-graph\">{\"@context\":\"https:\/\/schema.org\",\"@graph\":[{\"@type\":\"NewsArticle\",\"@id\":\"https:\/\/mybusinessfuture.com\/es\/estudio-la-mayoria-de-los-trabajos-estan-a-salvo-de-la-ia\/#article\",\"isPartOf\":{\"@id\":\"https:\/\/mybusinessfuture.com\/es\/estudio-la-mayoria-de-los-trabajos-estan-a-salvo-de-la-ia\/\"},\"author\":{\"name\":\"Benedikt Langer\",\"@id\":\"https:\/\/mybusinessfuture.com\/#\/schema\/person\/2c6c900f809c3c375dc455db50d1e7b1\"},\"headline\":\"Estudio: La mayor\u00eda de los trabajos est\u00e1n a salvo de la IA\",\"datePublished\":\"2026-03-30T16:11:42+00:00\",\"dateModified\":\"2026-04-01T18:08:39+00:00\",\"mainEntityOfPage\":{\"@id\":\"https:\/\/mybusinessfuture.com\/es\/estudio-la-mayoria-de-los-trabajos-estan-a-salvo-de-la-ia\/\"},\"wordCount\":858,\"publisher\":{\"@id\":\"https:\/\/mybusinessfuture.com\/#organization\"},\"image\":{\"@id\":\"https:\/\/mybusinessfuture.com\/es\/estudio-la-mayoria-de-los-trabajos-estan-a-salvo-de-la-ia\/#primaryimage\"},\"thumbnailUrl\":\"https:\/\/mybusinessfuture.com\/wp-content\/uploads\/2025\/11\/markus-winkler-tGBXiHcPKrM-unsplash-scaled.jpg\",\"articleSection\":[\"Digital Business &amp; Future\",\"Digital Business &amp; Future\"],\"inLanguage\":\"es\"},{\"@type\":\"WebPage\",\"@id\":\"https:\/\/mybusinessfuture.com\/es\/estudio-la-mayoria-de-los-trabajos-estan-a-salvo-de-la-ia\/\",\"url\":\"https:\/\/mybusinessfuture.com\/es\/estudio-la-mayoria-de-los-trabajos-estan-a-salvo-de-la-ia\/\",\"name\":\"Estudio: La mayor\u00eda de los trabajos est\u00e1n a salvo de la IA - MyBusinessFuture\",\"isPartOf\":{\"@id\":\"https:\/\/mybusinessfuture.com\/#website\"},\"primaryImageOfPage\":{\"@id\":\"https:\/\/mybusinessfuture.com\/es\/estudio-la-mayoria-de-los-trabajos-estan-a-salvo-de-la-ia\/#primaryimage\"},\"image\":{\"@id\":\"https:\/\/mybusinessfuture.com\/es\/estudio-la-mayoria-de-los-trabajos-estan-a-salvo-de-la-ia\/#primaryimage\"},\"thumbnailUrl\":\"https:\/\/mybusinessfuture.com\/wp-content\/uploads\/2025\/11\/markus-winkler-tGBXiHcPKrM-unsplash-scaled.jpg\",\"datePublished\":\"2026-03-30T16:11:42+00:00\",\"dateModified\":\"2026-04-01T18:08:39+00:00\",\"description\":\"Muchos temen que la IA les quite su empleo. Un estudio de Indeed muestra que esta preocupaci\u00f3n es infundada, tambi\u00e9n por la obligatoriedad de la...\",\"breadcrumb\":{\"@id\":\"https:\/\/mybusinessfuture.com\/es\/estudio-la-mayoria-de-los-trabajos-estan-a-salvo-de-la-ia\/#breadcrumb\"},\"inLanguage\":\"es\",\"potentialAction\":[{\"@type\":\"ReadAction\",\"target\":[\"https:\/\/mybusinessfuture.com\/es\/estudio-la-mayoria-de-los-trabajos-estan-a-salvo-de-la-ia\/\"]}]},{\"@type\":\"ImageObject\",\"inLanguage\":\"es\",\"@id\":\"https:\/\/mybusinessfuture.com\/es\/estudio-la-mayoria-de-los-trabajos-estan-a-salvo-de-la-ia\/#primaryimage\",\"url\":\"https:\/\/mybusinessfuture.com\/wp-content\/uploads\/2025\/11\/markus-winkler-tGBXiHcPKrM-unsplash-scaled.jpg\",\"contentUrl\":\"https:\/\/mybusinessfuture.com\/wp-content\/uploads\/2025\/11\/markus-winkler-tGBXiHcPKrM-unsplash-scaled.jpg\",\"width\":2560,\"height\":1707,\"caption\":\"Studie: Die meisten Jobs sind sicher vor KI \u2013 Studie: Die meisten Jobs sind sicher vor KI\"},{\"@type\":\"BreadcrumbList\",\"@id\":\"https:\/\/mybusinessfuture.com\/es\/estudio-la-mayoria-de-los-trabajos-estan-a-salvo-de-la-ia\/#breadcrumb\",\"itemListElement\":[{\"@type\":\"ListItem\",\"position\":1,\"name\":\"Startseite\",\"item\":\"https:\/\/mybusinessfuture.com\/\"},{\"@type\":\"ListItem\",\"position\":2,\"name\":\"Estudio: La mayor\u00eda de los trabajos est\u00e1n a salvo de la IA\"}]},{\"@type\":\"WebSite\",\"@id\":\"https:\/\/mybusinessfuture.com\/#website\",\"url\":\"https:\/\/mybusinessfuture.com\/\",\"name\":\"MyBusinessFuture\",\"description\":\"B2B-Magazin f\u00fcr Digitalisierung, KI und Business-Innovation \u2014 Fachartikel f\u00fcr IT-Entscheider im DACH-Raum\",\"publisher\":{\"@id\":\"https:\/\/mybusinessfuture.com\/#organization\"},\"potentialAction\":[{\"@type\":\"SearchAction\",\"target\":{\"@type\":\"EntryPoint\",\"urlTemplate\":\"https:\/\/mybusinessfuture.com\/?s={search_term_string}\"},\"query-input\":{\"@type\":\"PropertyValueSpecification\",\"valueRequired\":true,\"valueName\":\"search_term_string\"}}],\"inLanguage\":\"es\"},{\"@type\":\"Organization\",\"@id\":\"https:\/\/mybusinessfuture.com\/#organization\",\"name\":\"MyBusinessFuture\",\"url\":\"https:\/\/mybusinessfuture.com\/\",\"logo\":{\"@type\":\"ImageObject\",\"inLanguage\":\"es\",\"@id\":\"https:\/\/mybusinessfuture.com\/#\/schema\/logo\/image\/\",\"url\":\"https:\/\/mybusinessfuture.com\/wp-content\/uploads\/2020\/10\/MBF-logo-schwarz.png\",\"contentUrl\":\"https:\/\/mybusinessfuture.com\/wp-content\/uploads\/2020\/10\/MBF-logo-schwarz.png\",\"width\":398,\"height\":241,\"caption\":\"MyBusinessFuture\"},\"image\":{\"@id\":\"https:\/\/mybusinessfuture.com\/#\/schema\/logo\/image\/\"},\"sameAs\":[\"https:\/\/www.facebook.com\/MyBusinessFuture\",\"https:\/\/x.com\/mbusinessfuture\",\"https:\/\/www.linkedin.com\/showcase\/mybusinessfuture\/\"]},{\"@type\":\"Person\",\"@id\":\"https:\/\/mybusinessfuture.com\/#\/schema\/person\/2c6c900f809c3c375dc455db50d1e7b1\",\"name\":\"Benedikt Langer\",\"description\":\"Benedikt Langer befasst sich als Chefredakteur bei MyBusinessFuture mit Digitalisierung, Cloud-Strategien und KI-Anwendungen f\u00fcr Unternehmen. Mit besonderem Fokus auf K\u00fcnstliche Intelligenz, digitale Infrastruktur und strategische Cloud-Architekturen beleuchtet er technologische Entwicklungen und deren Auswirkungen auf Business-Entscheidungen.\",\"sameAs\":[\"https:\/\/www.linkedin.com\/in\/benedikt-langer\/\",\"https:\/\/www.linkedin.com\/in\/benedikt-langer-574b8a20b\/\"],\"url\":\"https:\/\/mybusinessfuture.com\/es\/experte\/benedikt-langer\/\"}]}<\/script>\n<!-- \/ Yoast SEO plugin. -->","yoast_head_json":{"title":"Estudio: La mayor\u00eda de los trabajos est\u00e1n a salvo de la IA - MyBusinessFuture","description":"Muchos temen que la IA les quite su empleo. Un estudio de Indeed muestra que esta preocupaci\u00f3n es infundada, tambi\u00e9n por la obligatoriedad de la...","robots":{"index":"index","follow":"follow","max-snippet":"max-snippet:-1","max-image-preview":"max-image-preview:large","max-video-preview":"max-video-preview:-1"},"canonical":"https:\/\/mybusinessfuture.com\/es\/estudio-la-mayoria-de-los-trabajos-estan-a-salvo-de-la-ia\/","og_locale":"es_ES","og_type":"article","og_title":"Estudio: La mayor\u00eda de los trabajos est\u00e1n a salvo de la IA - MyBusinessFuture","og_description":"Muchos temen que la IA les quite su empleo. Un estudio de Indeed muestra que esta preocupaci\u00f3n es infundada, tambi\u00e9n por la obligatoriedad de la...","og_url":"https:\/\/mybusinessfuture.com\/es\/estudio-la-mayoria-de-los-trabajos-estan-a-salvo-de-la-ia\/","og_site_name":"MyBusinessFuture","article_publisher":"https:\/\/www.facebook.com\/MyBusinessFuture","article_published_time":"2026-03-30T16:11:42+00:00","article_modified_time":"2026-04-01T18:08:39+00:00","og_image":[{"width":2560,"height":1707,"url":"https:\/\/mybusinessfuture.com\/wp-content\/uploads\/2025\/11\/markus-winkler-tGBXiHcPKrM-unsplash-scaled.jpg","type":"image\/jpeg"}],"author":"Benedikt Langer","twitter_card":"summary_large_image","twitter_creator":"@mbusinessfuture","twitter_site":"@mbusinessfuture","twitter_misc":{"Escrito por":"Benedikt Langer","Tiempo de lectura":"4 minutos"},"schema":{"@context":"https:\/\/schema.org","@graph":[{"@type":"NewsArticle","@id":"https:\/\/mybusinessfuture.com\/es\/estudio-la-mayoria-de-los-trabajos-estan-a-salvo-de-la-ia\/#article","isPartOf":{"@id":"https:\/\/mybusinessfuture.com\/es\/estudio-la-mayoria-de-los-trabajos-estan-a-salvo-de-la-ia\/"},"author":{"name":"Benedikt Langer","@id":"https:\/\/mybusinessfuture.com\/#\/schema\/person\/2c6c900f809c3c375dc455db50d1e7b1"},"headline":"Estudio: La mayor\u00eda de los trabajos est\u00e1n a salvo de la IA","datePublished":"2026-03-30T16:11:42+00:00","dateModified":"2026-04-01T18:08:39+00:00","mainEntityOfPage":{"@id":"https:\/\/mybusinessfuture.com\/es\/estudio-la-mayoria-de-los-trabajos-estan-a-salvo-de-la-ia\/"},"wordCount":858,"publisher":{"@id":"https:\/\/mybusinessfuture.com\/#organization"},"image":{"@id":"https:\/\/mybusinessfuture.com\/es\/estudio-la-mayoria-de-los-trabajos-estan-a-salvo-de-la-ia\/#primaryimage"},"thumbnailUrl":"https:\/\/mybusinessfuture.com\/wp-content\/uploads\/2025\/11\/markus-winkler-tGBXiHcPKrM-unsplash-scaled.jpg","articleSection":["Digital Business &amp; Future","Digital Business &amp; Future"],"inLanguage":"es"},{"@type":"WebPage","@id":"https:\/\/mybusinessfuture.com\/es\/estudio-la-mayoria-de-los-trabajos-estan-a-salvo-de-la-ia\/","url":"https:\/\/mybusinessfuture.com\/es\/estudio-la-mayoria-de-los-trabajos-estan-a-salvo-de-la-ia\/","name":"Estudio: La mayor\u00eda de los trabajos est\u00e1n a salvo de la IA - MyBusinessFuture","isPartOf":{"@id":"https:\/\/mybusinessfuture.com\/#website"},"primaryImageOfPage":{"@id":"https:\/\/mybusinessfuture.com\/es\/estudio-la-mayoria-de-los-trabajos-estan-a-salvo-de-la-ia\/#primaryimage"},"image":{"@id":"https:\/\/mybusinessfuture.com\/es\/estudio-la-mayoria-de-los-trabajos-estan-a-salvo-de-la-ia\/#primaryimage"},"thumbnailUrl":"https:\/\/mybusinessfuture.com\/wp-content\/uploads\/2025\/11\/markus-winkler-tGBXiHcPKrM-unsplash-scaled.jpg","datePublished":"2026-03-30T16:11:42+00:00","dateModified":"2026-04-01T18:08:39+00:00","description":"Muchos temen que la IA les quite su empleo. Un estudio de Indeed muestra que esta preocupaci\u00f3n es infundada, tambi\u00e9n por la obligatoriedad de la...","breadcrumb":{"@id":"https:\/\/mybusinessfuture.com\/es\/estudio-la-mayoria-de-los-trabajos-estan-a-salvo-de-la-ia\/#breadcrumb"},"inLanguage":"es","potentialAction":[{"@type":"ReadAction","target":["https:\/\/mybusinessfuture.com\/es\/estudio-la-mayoria-de-los-trabajos-estan-a-salvo-de-la-ia\/"]}]},{"@type":"ImageObject","inLanguage":"es","@id":"https:\/\/mybusinessfuture.com\/es\/estudio-la-mayoria-de-los-trabajos-estan-a-salvo-de-la-ia\/#primaryimage","url":"https:\/\/mybusinessfuture.com\/wp-content\/uploads\/2025\/11\/markus-winkler-tGBXiHcPKrM-unsplash-scaled.jpg","contentUrl":"https:\/\/mybusinessfuture.com\/wp-content\/uploads\/2025\/11\/markus-winkler-tGBXiHcPKrM-unsplash-scaled.jpg","width":2560,"height":1707,"caption":"Studie: Die meisten Jobs sind sicher vor KI \u2013 Studie: Die meisten Jobs sind sicher vor KI"},{"@type":"BreadcrumbList","@id":"https:\/\/mybusinessfuture.com\/es\/estudio-la-mayoria-de-los-trabajos-estan-a-salvo-de-la-ia\/#breadcrumb","itemListElement":[{"@type":"ListItem","position":1,"name":"Startseite","item":"https:\/\/mybusinessfuture.com\/"},{"@type":"ListItem","position":2,"name":"Estudio: La mayor\u00eda de los trabajos est\u00e1n a salvo de la IA"}]},{"@type":"WebSite","@id":"https:\/\/mybusinessfuture.com\/#website","url":"https:\/\/mybusinessfuture.com\/","name":"MyBusinessFuture","description":"B2B-Magazin f\u00fcr Digitalisierung, KI und Business-Innovation \u2014 Fachartikel f\u00fcr IT-Entscheider im DACH-Raum","publisher":{"@id":"https:\/\/mybusinessfuture.com\/#organization"},"potentialAction":[{"@type":"SearchAction","target":{"@type":"EntryPoint","urlTemplate":"https:\/\/mybusinessfuture.com\/?s={search_term_string}"},"query-input":{"@type":"PropertyValueSpecification","valueRequired":true,"valueName":"search_term_string"}}],"inLanguage":"es"},{"@type":"Organization","@id":"https:\/\/mybusinessfuture.com\/#organization","name":"MyBusinessFuture","url":"https:\/\/mybusinessfuture.com\/","logo":{"@type":"ImageObject","inLanguage":"es","@id":"https:\/\/mybusinessfuture.com\/#\/schema\/logo\/image\/","url":"https:\/\/mybusinessfuture.com\/wp-content\/uploads\/2020\/10\/MBF-logo-schwarz.png","contentUrl":"https:\/\/mybusinessfuture.com\/wp-content\/uploads\/2020\/10\/MBF-logo-schwarz.png","width":398,"height":241,"caption":"MyBusinessFuture"},"image":{"@id":"https:\/\/mybusinessfuture.com\/#\/schema\/logo\/image\/"},"sameAs":["https:\/\/www.facebook.com\/MyBusinessFuture","https:\/\/x.com\/mbusinessfuture","https:\/\/www.linkedin.com\/showcase\/mybusinessfuture\/"]},{"@type":"Person","@id":"https:\/\/mybusinessfuture.com\/#\/schema\/person\/2c6c900f809c3c375dc455db50d1e7b1","name":"Benedikt Langer","description":"Benedikt Langer befasst sich als Chefredakteur bei MyBusinessFuture mit Digitalisierung, Cloud-Strategien und KI-Anwendungen f\u00fcr Unternehmen. Mit besonderem Fokus auf K\u00fcnstliche Intelligenz, digitale Infrastruktur und strategische Cloud-Architekturen beleuchtet er technologische Entwicklungen und deren Auswirkungen auf Business-Entscheidungen.","sameAs":["https:\/\/www.linkedin.com\/in\/benedikt-langer\/","https:\/\/www.linkedin.com\/in\/benedikt-langer-574b8a20b\/"],"url":"https:\/\/mybusinessfuture.com\/es\/experte\/benedikt-langer\/"}]}},"_links":{"self":[{"href":"https:\/\/mybusinessfuture.com\/es\/wp-json\/wp\/v2\/posts\/92153","targetHints":{"allow":["GET"]}}],"collection":[{"href":"https:\/\/mybusinessfuture.com\/es\/wp-json\/wp\/v2\/posts"}],"about":[{"href":"https:\/\/mybusinessfuture.com\/es\/wp-json\/wp\/v2\/types\/post"}],"author":[{"embeddable":true,"href":"https:\/\/mybusinessfuture.com\/es\/wp-json\/wp\/v2\/users\/160"}],"replies":[{"embeddable":true,"href":"https:\/\/mybusinessfuture.com\/es\/wp-json\/wp\/v2\/comments?post=92153"}],"version-history":[{"count":3,"href":"https:\/\/mybusinessfuture.com\/es\/wp-json\/wp\/v2\/posts\/92153\/revisions"}],"predecessor-version":[{"id":93596,"href":"https:\/\/mybusinessfuture.com\/es\/wp-json\/wp\/v2\/posts\/92153\/revisions\/93596"}],"wp:featuredmedia":[{"embeddable":true,"href":"https:\/\/mybusinessfuture.com\/es\/wp-json\/wp\/v2\/media\/86438"}],"wp:attachment":[{"href":"https:\/\/mybusinessfuture.com\/es\/wp-json\/wp\/v2\/media?parent=92153"}],"wp:term":[{"taxonomy":"category","embeddable":true,"href":"https:\/\/mybusinessfuture.com\/es\/wp-json\/wp\/v2\/categories?post=92153"},{"taxonomy":"post_tag","embeddable":true,"href":"https:\/\/mybusinessfuture.com\/es\/wp-json\/wp\/v2\/tags?post=92153"}],"curies":[{"name":"wp","href":"https:\/\/api.w.org\/{rel}","templated":true}]}}