{"id":92009,"date":"2026-03-30T15:58:09","date_gmt":"2026-03-30T15:58:09","guid":{"rendered":"https:\/\/mybusinessfuture.com\/hannover-messe-2025\/"},"modified":"2026-04-04T08:44:20","modified_gmt":"2026-04-04T08:44:20","slug":"hannover-messe-2025","status":"publish","type":"post","link":"https:\/\/mybusinessfuture.com\/es\/hannover-messe-2025\/","title":{"rendered":"Hannover Messe 2025: IA y cooperaci\u00f3n internacional"},"content":{"rendered":"<p style=\"color:#6190a9;font-size:0.9em;margin:0 0 16px;padding:0;\">2 minutos de lectura<\/p>\n<p><strong>La Hannover Messe, que se celebrar\u00e1 a finales de marzo y principios de abril de 2025, registr\u00f3 una ligera ca\u00edda en el n\u00famero de visitantes, pero volvi\u00f3 a evidenciar, con sus temas centrales  &#8211; inteligencia artificial, rob\u00f3tica y tecnolog\u00edas verdes &#8211; , la importancia estrat\u00e9gica de las alianzas internacionales.<\/strong><\/p>\n<div style=\"background:#fff5f5;border-left:4px solid #F21F05;padding:16px 20px;margin:20px 0;border-radius:4px;\">\n<h2 style=\"margin-top:64px;margin-bottom:20px;padding-top:16px;\">Lo m\u00e1s importante en resumen<\/h2>\n<ul>\n<li>127.000 visitantes<\/li>\n<li>3.000 menos que en 2024<\/li>\n<li>4.000 expositores<\/li>\n<li>60 pa\u00edses representados<\/li>\n<li>260 empresas de Canad\u00e1<\/li>\n<\/ul>\n<\/div>\n<p>&nbsp;<\/p>\n<p>La revista especializada para el canal de distribuci\u00f3n <a href=\"https:\/\/www.it-business.de\/127000-besucher-bei-hannover-messe-a-77b1760117a18aa6073377a850cf61d0\/?cmp=nl-debcc5b3-c93b-4879-839e-0739d3045e48&amp;uuid=D9F57E37-E4D9-499E-9837-D4B8458B3AE0\">IT-Business<\/a> titul\u00f3 con acierto en su balance retrospectivo: \u00abMenos visitantes, pero mayor relevancia\u00bb. Y es que la Feria de Hannover, la mayor feria industrial del mundo, ha ganado peso no solo por sus temas centrales  &#8211; inteligencia artificial, rob\u00f3tica y tecnolog\u00edas verdes &#8211; , sino tambi\u00e9n porque, en un contexto internacional marcado por la incertidumbre, vuelve a cobrar especial importancia la cooperaci\u00f3n transfronteriza y la b\u00fasqueda de nuevas alianzas.<\/p>\n<p>&nbsp;<\/p>\n<p>Aunque los 127.000 asistentes supusieron unos 3.000 menos que el a\u00f1o anterior, la Feria de Hannover 2025 fue un \u00e9xito tanto para los organizadores como para muchos de los cerca de 4.000 expositores procedentes de 60 pa\u00edses. Solo del pa\u00eds socio de esta edici\u00f3n, Canad\u00e1, acudieron 260 empresas a la feria industrial, que se celebr\u00f3 del 31 de marzo al 4 de abril. Estas empresas mostraron una gran satisfacci\u00f3n con la cita y, tras las amenazas estadounidenses de elevar los aranceles, intensificaron su b\u00fasqueda de nuevos socios comerciales en Europa.<\/p>\n<p>&nbsp;<\/p>\n<h2 style=\"margin-top:64px;margin-bottom:20px;padding-top:16px;\">Mucha innovaci\u00f3n startup<\/h2>\n<p>En la feria tambi\u00e9n estuvieron presentes gigantes tecnol\u00f3gicos como Microsoft, Google, Amazon Web Services, Siemens y Bosch, adem\u00e1s de numerosas pymes y m\u00e1s de 300 startups que, en el pabell\u00f3n 2, demostraron su gran potencial innovador. Por ejemplo, Ecoplant, con sede en M\u00fanich, recibi\u00f3 el Premio Hermes de la Feria Industrial de Hannover para startups por su software de gesti\u00f3n energ\u00e9tica basado en inteligencia artificial.<\/p>\n<p>&nbsp;<\/p>\n<p>Soluciones para la transici\u00f3n energ\u00e9tica, como el hidr\u00f3geno verde, fueron uno de los temas centrales de la edici\u00f3n de Hannover, aunque parece que, al menos parcialmente, han perdido protagonismo debido a la dif\u00edcil situaci\u00f3n econ\u00f3mica en Alemania.<\/p>\n<p>&nbsp;<\/p>\n<p>&nbsp;<\/p>\n<div style=\"margin:32px 0;display:flex;flex-wrap:wrap;gap:12px;\">\n<div style=\"flex:1;min-width:160px;background:#fff5f5;border-radius:10px;padding:24px 20px;\">\n<div style=\"font-size:0.65em;text-transform:uppercase;letter-spacing:1.5px;color:#F21F05;border-bottom:2px solid #F21F05;padding-bottom:8px;margin-bottom:12px;\">DATO CLAVE<\/div>\n<div style=\"font-size:clamp(1.5em,5vw,2.4em);font-weight:800;color:#F21F05;line-height:1;\">127.000<\/div>\n<div style=\"font-size:0.8em;margin-top:8px;opacity:0.8;line-height:1.3;color:#495057;\">visitantes, es decir, unos 3.000 menos que el a\u00f1o anterior<\/div>\n<\/div>\n<div style=\"flex:1;min-width:160px;background:#f8f9fa;border-radius:10px;padding:24px 20px;\">\n<div style=\"font-size:0.65em;text-transform:uppercase;letter-spacing:1.5px;color:#F21F05;border-bottom:2px solid #F21F05;padding-bottom:8px;margin-bottom:12px;\">DATO CLAVE<\/div>\n<div style=\"font-size:clamp(1.5em,5vw,2.4em);font-weight:800;color:#F21F05;line-height:1;\">3.000<\/div>\n<div style=\"font-size:0.8em;margin-top:8px;opacity:0.8;line-height:1.3;color:#495057;\">visitantes menos que en el a\u00f1o anterior, pero a\u00fan as\u00ed<\/div>\n<\/div>\n<div style=\"flex:1;min-width:160px;background:#f8f9fa;border-radius:10px;padding:24px 20px;\">\n<div style=\"font-size:0.65em;text-transform:uppercase;letter-spacing:1.5px;color:#F21F05;border-bottom:2px solid #F21F05;padding-bottom:8px;margin-bottom:12px;\">DATO CLAVE<\/div>\n<div style=\"font-size:clamp(1.5em,5vw,2.4em);font-weight:800;color:#F21F05;line-height:1;\">4.000<\/div>\n<div style=\"font-size:0.8em;margin-top:8px;opacity:0.8;line-height:1.3;color:#495057;\">expositores procedentes de 60 pa\u00edses. Solo del programa oficial<\/div>\n<\/div>\n<\/div>\n<h2 style=\"margin-top:64px;margin-bottom:20px;padding-top:16px;\">\u00a1Ya con ganas de 2026!<\/h2>\n<p>\u00abLa Feria de Hannover ha vuelto a demostrar que es la plataforma m\u00e1s importante para la innovaci\u00f3n industrial\u00bb, afirm\u00f3 Gunther Kegel, presidente del Asociaci\u00f3n de la Industria El\u00e9ctrica y Digital (ZVEI, por sus siglas en alem\u00e1n). Adem\u00e1s, destac\u00f3 Thilo Brodtmann, de la Asociaci\u00f3n Alemana de la Industria de M\u00e1quinas y Instalaciones (VDMA), que la feria puso claramente de manifiesto la importancia de unas buenas alianzas y de mercados abiertos para una industria impulsada por las exportaciones y la innovaci\u00f3n. Seg\u00fan recoge IT-Business, el director de la feria, Joch K\u00f6cker, se\u00f1al\u00f3 que, en un contexto mundial marcado por la incertidumbre, la Feria de Hannover ha cumplido sobradamente su triple funci\u00f3n como exposici\u00f3n tecnol\u00f3gica, feria econ\u00f3mica y plataforma para el intercambio pol\u00edtico e internacional.<\/p>\n<p>&nbsp;<\/p>\n<p>Quien abandonaba la muestra industrial el \u00faltimo d\u00eda se encontraba ya con la invitaci\u00f3n a la pr\u00f3xima Feria de Hannover, que tendr\u00e1 lugar del 20 al 24 de abril de 2026, con Brasil como pa\u00eds socio.<\/p>\n<h2 style=\"margin-top:64px;margin-bottom:20px;padding-top:16px;\">Preguntas frecuentes<\/h2>\n<details style=\"border:1px solid #e0e0e0;padding:16px;background:#fff;\">\n<summary><strong>\u00bfCu\u00e1ntos visitantes acogi\u00f3 la Feria Industrial de Hannover 2025?<\/strong><\/summary>\n<p style=\"margin:8px 0 4px 24px;color:#555;line-height:1.6;\">La Feria Industrial de Hannover 2025 recibi\u00f3 a 127.000 visitantes, unos 3.000 menos que el a\u00f1o anterior. Sin embargo, esta ligera ca\u00edda no tuvo relevancia, ya que la feria fue un \u00e9xito rotundo.<\/p>\n<\/details>\n<details style=\"border:1px solid #e0e0e0;padding:16px;background:#fff;\">\n<summary><strong>\u00bfQu\u00e9 empresas participaron en la feria?<\/strong><\/summary>\n<p style=\"margin:8px 0 4px 24px;color:#555;line-height:1.6;\">En la feria estuvieron presentes gigantes tecnol\u00f3gicos como Microsoft, Google, Amazon Web Services (AWS), Siemens y Bosch, adem\u00e1s de numerosas pymes y m\u00e1s de 300 startups.<\/p>\n<\/details>\n<details style=\"border:1px solid #e0e0e0;padding:16px;background:#fff;\">\n<summary><strong>\u00bfQu\u00e9 tema destac\u00f3 especialmente en la feria?<\/strong><\/summary>\n<p style=\"margin:8px 0 4px 24px;color:#555;line-height:1.6;\">Uno de los temas centrales fue la transici\u00f3n energ\u00e9tica, con especial \u00e9nfasis en el hidr\u00f3geno verde.<\/p>\n<\/details>\n<details style=\"border:1px solid #e0e0e0;padding:16px;background:#fff;\">\n<summary><strong>\u00bfCu\u00e1ntos expositores proced\u00edan del pa\u00eds asociado, Canad\u00e1?<\/strong><\/summary>\n<p style=\"margin:8px 0 4px 24px;color:#555;line-height:1.6;\">Un total de 260 empresas canadienses  &#8211; pa\u00eds asociado de esta edici\u00f3n &#8211;  participaron en la feria industrial. Mostraron una gran satisfacci\u00f3n con la experiencia y buscan establecer nuevas alianzas en Europa.<\/p>\n<\/details>\n<details style=\"border:1px solid #e0e0e0;padding:16px;background:#fff;\">\n<summary><strong>\u00bfCu\u00e1ndo se celebrar\u00e1 la pr\u00f3xima Feria Industrial de Hannover?<\/strong><\/summary>\n<p style=\"margin:8px 0 4px 24px;color:#555;line-height:1.6;\">La pr\u00f3xima edici\u00f3n tendr\u00e1 lugar del 20 al 24 de abril de 2026, con Brasil como pa\u00eds asociado.<\/p>\n<\/details>\n<h2 style=\"margin-top:64px;margin-bottom:20px;padding-top:16px\">Recomendaciones de lectura de la redacci\u00f3n<\/h2>\n<ul>\n<li><a href=\"https:\/\/mybusinessfuture.com\/datenqualitaet-mittelstand-ki-ai-ready-data-2026\/\">Calidad de los datos en las pymes: por qu\u00e9 la inteligencia artificial fracasa sin datos limpios<\/a><\/li>\n<li><a href=\"https:\/\/mybusinessfuture.com\/b2b-plattformen-marktplaetze-vertrieb-mittelstand-2026\/\">Plataformas B2B: por qu\u00e9 los mercados online est\u00e1n transformando la comercializaci\u00f3n<\/a><\/li>\n<li><a href=\"https:\/\/mybusinessfuture.com\/cyber-versicherung-kmu-deckung-kosten-2026\/\">Seguro cibern\u00e9tico para pymes: qu\u00e9 cobertura real ofrece<\/a><\/li>\n<\/ul>\n<h2 style=\"margin-top:64px;margin-bottom:20px;padding-top:16px;\">M\u00e1s del ecosistema medi\u00e1tico de MBF<\/h2>\n<p><a href=\"https:\/\/www.cloudmagazin.com\" target=\"_blank\">Cloudmagazin<\/a> | <a href=\"https:\/\/www.securitytoday.de\" target=\"_blank\">SecurityToday<\/a> | <a href=\"https:\/\/www.digital-chiefs.de\" target=\"_blank\">Digital Chiefs<\/a><\/p>\n<p style=\"text-align: right; line-height:1.8;\"><em>Fuente de la imagen principal: Adobe Stock \/ klss777<\/em><\/p>\n","protected":false},"excerpt":{"rendered":"<p>Hannover Messe 2025: menos visitantes, pero fuertes impulsos para la industria, la inteligencia artificial y la cooperaci\u00f3n internacional.<\/p>\n","protected":false},"author":205,"featured_media":85778,"comment_status":"closed","ping_status":"closed","sticky":false,"template":"","format":"standard","meta":{"_acf_changed":false,"_yoast_wpseo_focuskw":"Hannover Messe 2025","_yoast_wpseo_title":"Hannover Messe 2025: IA y colaboraci\u00f3n global","_yoast_wpseo_metadesc":"Hannover Messe 2025: menos visitantes, pero fuertes impulsos para la industria, la inteligencia artificial y la cooperaci\u00f3n internacional.","_yoast_wpseo_meta-robots-noindex":"","_yoast_wpseo_meta-robots-nofollow":"","_yoast_wpseo_meta-robots-adv":"","_yoast_wpseo_canonical":"","_yoast_wpseo_opengraph-title":"","_yoast_wpseo_opengraph-description":"","_yoast_wpseo_opengraph-image":"","_yoast_wpseo_opengraph-image-id":0,"_yoast_wpseo_twitter-title":"","_yoast_wpseo_twitter-description":"","_yoast_wpseo_twitter-image":"","_yoast_wpseo_twitter-image-id":0,"featured_post_sortierung":0,"featured_post":0,"pre_headline":"","bildquelle":"","teasertext":"","language":"de","footnotes":""},"categories":[1280,2239],"tags":[],"class_list":{"0":"post-92009","1":"post","2":"type-post","3":"status-publish","4":"format-standard","5":"has-post-thumbnail","6":"hentry","7":"category-it-tech","9":"entry"},"wpml_language":"es","wpml_translation_of":85769,"acf":[],"yoast_head":"<!-- This site is optimized with the Yoast SEO plugin v26.9 - https:\/\/yoast.com\/product\/yoast-seo-wordpress\/ -->\n<title>Hannover Messe 2025: IA y colaboraci\u00f3n global<\/title>\n<meta name=\"description\" content=\"Hannover Messe 2025: menos visitantes, pero fuertes impulsos para la industria, la inteligencia artificial y la cooperaci\u00f3n internacional.\" \/>\n<meta name=\"robots\" content=\"index, follow, max-snippet:-1, max-image-preview:large, max-video-preview:-1\" \/>\n<link rel=\"canonical\" href=\"https:\/\/mybusinessfuture.com\/es\/hannover-messe-2025\/\" \/>\n<meta property=\"og:locale\" content=\"es_ES\" \/>\n<meta property=\"og:type\" content=\"article\" \/>\n<meta property=\"og:title\" content=\"Hannover Messe 2025: IA y colaboraci\u00f3n global\" \/>\n<meta property=\"og:description\" content=\"Hannover Messe 2025: menos visitantes, pero fuertes impulsos para la industria, la inteligencia artificial y la cooperaci\u00f3n internacional.\" \/>\n<meta property=\"og:url\" content=\"https:\/\/mybusinessfuture.com\/es\/hannover-messe-2025\/\" \/>\n<meta property=\"og:site_name\" content=\"MyBusinessFuture\" \/>\n<meta property=\"article:publisher\" content=\"https:\/\/www.facebook.com\/MyBusinessFuture\" \/>\n<meta property=\"article:published_time\" content=\"2026-03-30T15:58:09+00:00\" \/>\n<meta property=\"article:modified_time\" content=\"2026-04-04T08:44:20+00:00\" \/>\n<meta property=\"og:image\" content=\"https:\/\/mybusinessfuture.com\/wp-content\/uploads\/2025\/04\/AdobeStock_1112945484.jpg\" \/>\n\t<meta property=\"og:image:width\" content=\"1800\" \/>\n\t<meta property=\"og:image:height\" content=\"1009\" \/>\n\t<meta property=\"og:image:type\" content=\"image\/jpeg\" \/>\n<meta name=\"author\" content=\"Tobias Massow\" \/>\n<meta name=\"twitter:card\" content=\"summary_large_image\" \/>\n<meta name=\"twitter:creator\" content=\"@mbusinessfuture\" \/>\n<meta name=\"twitter:site\" content=\"@mbusinessfuture\" \/>\n<meta name=\"twitter:label1\" content=\"Escrito por\" \/>\n\t<meta name=\"twitter:data1\" content=\"Tobias Massow\" \/>\n\t<meta name=\"twitter:label2\" content=\"Tiempo de lectura\" \/>\n\t<meta name=\"twitter:data2\" content=\"4 minutos\" \/>\n<script type=\"application\/ld+json\" class=\"yoast-schema-graph\">{\"@context\":\"https:\/\/schema.org\",\"@graph\":[{\"@type\":\"NewsArticle\",\"@id\":\"https:\/\/mybusinessfuture.com\/es\/hannover-messe-2025\/#article\",\"isPartOf\":{\"@id\":\"https:\/\/mybusinessfuture.com\/es\/hannover-messe-2025\/\"},\"author\":{\"name\":\"Tobias Massow\",\"@id\":\"https:\/\/mybusinessfuture.com\/#\/schema\/person\/5a5f67d388de091844cc887ac56f3760\"},\"headline\":\"Hannover Messe 2025: IA y cooperaci\u00f3n internacional\",\"datePublished\":\"2026-03-30T15:58:09+00:00\",\"dateModified\":\"2026-04-04T08:44:20+00:00\",\"mainEntityOfPage\":{\"@id\":\"https:\/\/mybusinessfuture.com\/es\/hannover-messe-2025\/\"},\"wordCount\":834,\"publisher\":{\"@id\":\"https:\/\/mybusinessfuture.com\/#organization\"},\"image\":{\"@id\":\"https:\/\/mybusinessfuture.com\/es\/hannover-messe-2025\/#primaryimage\"},\"thumbnailUrl\":\"https:\/\/mybusinessfuture.com\/wp-content\/uploads\/2025\/04\/AdobeStock_1112945484.jpg\",\"articleSection\":[\"IT &amp; Tech\",\"IT &amp; Tech\"],\"inLanguage\":\"es\"},{\"@type\":\"WebPage\",\"@id\":\"https:\/\/mybusinessfuture.com\/es\/hannover-messe-2025\/\",\"url\":\"https:\/\/mybusinessfuture.com\/es\/hannover-messe-2025\/\",\"name\":\"Hannover Messe 2025: IA y colaboraci\u00f3n global\",\"isPartOf\":{\"@id\":\"https:\/\/mybusinessfuture.com\/#website\"},\"primaryImageOfPage\":{\"@id\":\"https:\/\/mybusinessfuture.com\/es\/hannover-messe-2025\/#primaryimage\"},\"image\":{\"@id\":\"https:\/\/mybusinessfuture.com\/es\/hannover-messe-2025\/#primaryimage\"},\"thumbnailUrl\":\"https:\/\/mybusinessfuture.com\/wp-content\/uploads\/2025\/04\/AdobeStock_1112945484.jpg\",\"datePublished\":\"2026-03-30T15:58:09+00:00\",\"dateModified\":\"2026-04-04T08:44:20+00:00\",\"description\":\"Hannover Messe 2025: menos visitantes, pero fuertes impulsos para la industria, la inteligencia artificial y la cooperaci\u00f3n internacional.\",\"breadcrumb\":{\"@id\":\"https:\/\/mybusinessfuture.com\/es\/hannover-messe-2025\/#breadcrumb\"},\"inLanguage\":\"es\",\"potentialAction\":[{\"@type\":\"ReadAction\",\"target\":[\"https:\/\/mybusinessfuture.com\/es\/hannover-messe-2025\/\"]}]},{\"@type\":\"ImageObject\",\"inLanguage\":\"es\",\"@id\":\"https:\/\/mybusinessfuture.com\/es\/hannover-messe-2025\/#primaryimage\",\"url\":\"https:\/\/mybusinessfuture.com\/wp-content\/uploads\/2025\/04\/AdobeStock_1112945484.jpg\",\"contentUrl\":\"https:\/\/mybusinessfuture.com\/wp-content\/uploads\/2025\/04\/AdobeStock_1112945484.jpg\",\"width\":1800,\"height\":1009,\"caption\":\"Hannover Messe 2025 ganz im Zeichen von KI und internationalen Partnerschaften \u2013 Hannover Messe 2025\"},{\"@type\":\"BreadcrumbList\",\"@id\":\"https:\/\/mybusinessfuture.com\/es\/hannover-messe-2025\/#breadcrumb\",\"itemListElement\":[{\"@type\":\"ListItem\",\"position\":1,\"name\":\"Startseite\",\"item\":\"https:\/\/mybusinessfuture.com\/\"},{\"@type\":\"ListItem\",\"position\":2,\"name\":\"Hannover Messe 2025: IA y cooperaci\u00f3n internacional\"}]},{\"@type\":\"WebSite\",\"@id\":\"https:\/\/mybusinessfuture.com\/#website\",\"url\":\"https:\/\/mybusinessfuture.com\/\",\"name\":\"MyBusinessFuture\",\"description\":\"B2B-Magazin f\u00fcr Digitalisierung, KI und Business-Innovation \u2014 Fachartikel f\u00fcr IT-Entscheider im DACH-Raum\",\"publisher\":{\"@id\":\"https:\/\/mybusinessfuture.com\/#organization\"},\"potentialAction\":[{\"@type\":\"SearchAction\",\"target\":{\"@type\":\"EntryPoint\",\"urlTemplate\":\"https:\/\/mybusinessfuture.com\/?s={search_term_string}\"},\"query-input\":{\"@type\":\"PropertyValueSpecification\",\"valueRequired\":true,\"valueName\":\"search_term_string\"}}],\"inLanguage\":\"es\"},{\"@type\":\"Organization\",\"@id\":\"https:\/\/mybusinessfuture.com\/#organization\",\"name\":\"MyBusinessFuture\",\"url\":\"https:\/\/mybusinessfuture.com\/\",\"logo\":{\"@type\":\"ImageObject\",\"inLanguage\":\"es\",\"@id\":\"https:\/\/mybusinessfuture.com\/#\/schema\/logo\/image\/\",\"url\":\"https:\/\/mybusinessfuture.com\/wp-content\/uploads\/2020\/10\/MBF-logo-schwarz.png\",\"contentUrl\":\"https:\/\/mybusinessfuture.com\/wp-content\/uploads\/2020\/10\/MBF-logo-schwarz.png\",\"width\":398,\"height\":241,\"caption\":\"MyBusinessFuture\"},\"image\":{\"@id\":\"https:\/\/mybusinessfuture.com\/#\/schema\/logo\/image\/\"},\"sameAs\":[\"https:\/\/www.facebook.com\/MyBusinessFuture\",\"https:\/\/x.com\/mbusinessfuture\",\"https:\/\/www.linkedin.com\/showcase\/mybusinessfuture\/\"]},{\"@type\":\"Person\",\"@id\":\"https:\/\/mybusinessfuture.com\/#\/schema\/person\/5a5f67d388de091844cc887ac56f3760\",\"name\":\"Tobias Massow\",\"description\":\"Tobias Massow ist Gesch\u00e4ftsf\u00fchrer der Evernine Media GmbH und Herausgeber von MyBusinessFuture. Er verantwortet die strategische Ausrichtung des Magazins und des gesamten MBF Media Netzwerks mit vier B2B-Fachmagazinen f\u00fcr IT-Entscheider im deutschsprachigen Raum.\",\"sameAs\":[\"https:\/\/www.linkedin.com\/in\/tobias-massow\/\"],\"url\":\"https:\/\/mybusinessfuture.com\/es\/experte\/tobias-evm\/\"}]}<\/script>\n<!-- \/ Yoast SEO plugin. -->","yoast_head_json":{"title":"Hannover Messe 2025: IA y colaboraci\u00f3n global","description":"Hannover Messe 2025: menos visitantes, pero fuertes impulsos para la industria, la inteligencia artificial y la cooperaci\u00f3n internacional.","robots":{"index":"index","follow":"follow","max-snippet":"max-snippet:-1","max-image-preview":"max-image-preview:large","max-video-preview":"max-video-preview:-1"},"canonical":"https:\/\/mybusinessfuture.com\/es\/hannover-messe-2025\/","og_locale":"es_ES","og_type":"article","og_title":"Hannover Messe 2025: IA y colaboraci\u00f3n global","og_description":"Hannover Messe 2025: menos visitantes, pero fuertes impulsos para la industria, la inteligencia artificial y la cooperaci\u00f3n internacional.","og_url":"https:\/\/mybusinessfuture.com\/es\/hannover-messe-2025\/","og_site_name":"MyBusinessFuture","article_publisher":"https:\/\/www.facebook.com\/MyBusinessFuture","article_published_time":"2026-03-30T15:58:09+00:00","article_modified_time":"2026-04-04T08:44:20+00:00","og_image":[{"width":1800,"height":1009,"url":"https:\/\/mybusinessfuture.com\/wp-content\/uploads\/2025\/04\/AdobeStock_1112945484.jpg","type":"image\/jpeg"}],"author":"Tobias Massow","twitter_card":"summary_large_image","twitter_creator":"@mbusinessfuture","twitter_site":"@mbusinessfuture","twitter_misc":{"Escrito por":"Tobias Massow","Tiempo de lectura":"4 minutos"},"schema":{"@context":"https:\/\/schema.org","@graph":[{"@type":"NewsArticle","@id":"https:\/\/mybusinessfuture.com\/es\/hannover-messe-2025\/#article","isPartOf":{"@id":"https:\/\/mybusinessfuture.com\/es\/hannover-messe-2025\/"},"author":{"name":"Tobias Massow","@id":"https:\/\/mybusinessfuture.com\/#\/schema\/person\/5a5f67d388de091844cc887ac56f3760"},"headline":"Hannover Messe 2025: IA y cooperaci\u00f3n internacional","datePublished":"2026-03-30T15:58:09+00:00","dateModified":"2026-04-04T08:44:20+00:00","mainEntityOfPage":{"@id":"https:\/\/mybusinessfuture.com\/es\/hannover-messe-2025\/"},"wordCount":834,"publisher":{"@id":"https:\/\/mybusinessfuture.com\/#organization"},"image":{"@id":"https:\/\/mybusinessfuture.com\/es\/hannover-messe-2025\/#primaryimage"},"thumbnailUrl":"https:\/\/mybusinessfuture.com\/wp-content\/uploads\/2025\/04\/AdobeStock_1112945484.jpg","articleSection":["IT &amp; Tech","IT &amp; Tech"],"inLanguage":"es"},{"@type":"WebPage","@id":"https:\/\/mybusinessfuture.com\/es\/hannover-messe-2025\/","url":"https:\/\/mybusinessfuture.com\/es\/hannover-messe-2025\/","name":"Hannover Messe 2025: IA y colaboraci\u00f3n global","isPartOf":{"@id":"https:\/\/mybusinessfuture.com\/#website"},"primaryImageOfPage":{"@id":"https:\/\/mybusinessfuture.com\/es\/hannover-messe-2025\/#primaryimage"},"image":{"@id":"https:\/\/mybusinessfuture.com\/es\/hannover-messe-2025\/#primaryimage"},"thumbnailUrl":"https:\/\/mybusinessfuture.com\/wp-content\/uploads\/2025\/04\/AdobeStock_1112945484.jpg","datePublished":"2026-03-30T15:58:09+00:00","dateModified":"2026-04-04T08:44:20+00:00","description":"Hannover Messe 2025: menos visitantes, pero fuertes impulsos para la industria, la inteligencia artificial y la cooperaci\u00f3n internacional.","breadcrumb":{"@id":"https:\/\/mybusinessfuture.com\/es\/hannover-messe-2025\/#breadcrumb"},"inLanguage":"es","potentialAction":[{"@type":"ReadAction","target":["https:\/\/mybusinessfuture.com\/es\/hannover-messe-2025\/"]}]},{"@type":"ImageObject","inLanguage":"es","@id":"https:\/\/mybusinessfuture.com\/es\/hannover-messe-2025\/#primaryimage","url":"https:\/\/mybusinessfuture.com\/wp-content\/uploads\/2025\/04\/AdobeStock_1112945484.jpg","contentUrl":"https:\/\/mybusinessfuture.com\/wp-content\/uploads\/2025\/04\/AdobeStock_1112945484.jpg","width":1800,"height":1009,"caption":"Hannover Messe 2025 ganz im Zeichen von KI und internationalen Partnerschaften \u2013 Hannover Messe 2025"},{"@type":"BreadcrumbList","@id":"https:\/\/mybusinessfuture.com\/es\/hannover-messe-2025\/#breadcrumb","itemListElement":[{"@type":"ListItem","position":1,"name":"Startseite","item":"https:\/\/mybusinessfuture.com\/"},{"@type":"ListItem","position":2,"name":"Hannover Messe 2025: IA y cooperaci\u00f3n internacional"}]},{"@type":"WebSite","@id":"https:\/\/mybusinessfuture.com\/#website","url":"https:\/\/mybusinessfuture.com\/","name":"MyBusinessFuture","description":"B2B-Magazin f\u00fcr Digitalisierung, KI und Business-Innovation \u2014 Fachartikel f\u00fcr IT-Entscheider im DACH-Raum","publisher":{"@id":"https:\/\/mybusinessfuture.com\/#organization"},"potentialAction":[{"@type":"SearchAction","target":{"@type":"EntryPoint","urlTemplate":"https:\/\/mybusinessfuture.com\/?s={search_term_string}"},"query-input":{"@type":"PropertyValueSpecification","valueRequired":true,"valueName":"search_term_string"}}],"inLanguage":"es"},{"@type":"Organization","@id":"https:\/\/mybusinessfuture.com\/#organization","name":"MyBusinessFuture","url":"https:\/\/mybusinessfuture.com\/","logo":{"@type":"ImageObject","inLanguage":"es","@id":"https:\/\/mybusinessfuture.com\/#\/schema\/logo\/image\/","url":"https:\/\/mybusinessfuture.com\/wp-content\/uploads\/2020\/10\/MBF-logo-schwarz.png","contentUrl":"https:\/\/mybusinessfuture.com\/wp-content\/uploads\/2020\/10\/MBF-logo-schwarz.png","width":398,"height":241,"caption":"MyBusinessFuture"},"image":{"@id":"https:\/\/mybusinessfuture.com\/#\/schema\/logo\/image\/"},"sameAs":["https:\/\/www.facebook.com\/MyBusinessFuture","https:\/\/x.com\/mbusinessfuture","https:\/\/www.linkedin.com\/showcase\/mybusinessfuture\/"]},{"@type":"Person","@id":"https:\/\/mybusinessfuture.com\/#\/schema\/person\/5a5f67d388de091844cc887ac56f3760","name":"Tobias Massow","description":"Tobias Massow ist Gesch\u00e4ftsf\u00fchrer der Evernine Media GmbH und Herausgeber von MyBusinessFuture. Er verantwortet die strategische Ausrichtung des Magazins und des gesamten MBF Media Netzwerks mit vier B2B-Fachmagazinen f\u00fcr IT-Entscheider im deutschsprachigen Raum.","sameAs":["https:\/\/www.linkedin.com\/in\/tobias-massow\/"],"url":"https:\/\/mybusinessfuture.com\/es\/experte\/tobias-evm\/"}]}},"_links":{"self":[{"href":"https:\/\/mybusinessfuture.com\/es\/wp-json\/wp\/v2\/posts\/92009","targetHints":{"allow":["GET"]}}],"collection":[{"href":"https:\/\/mybusinessfuture.com\/es\/wp-json\/wp\/v2\/posts"}],"about":[{"href":"https:\/\/mybusinessfuture.com\/es\/wp-json\/wp\/v2\/types\/post"}],"author":[{"embeddable":true,"href":"https:\/\/mybusinessfuture.com\/es\/wp-json\/wp\/v2\/users\/205"}],"replies":[{"embeddable":true,"href":"https:\/\/mybusinessfuture.com\/es\/wp-json\/wp\/v2\/comments?post=92009"}],"version-history":[{"count":2,"href":"https:\/\/mybusinessfuture.com\/es\/wp-json\/wp\/v2\/posts\/92009\/revisions"}],"predecessor-version":[{"id":93609,"href":"https:\/\/mybusinessfuture.com\/es\/wp-json\/wp\/v2\/posts\/92009\/revisions\/93609"}],"wp:featuredmedia":[{"embeddable":true,"href":"https:\/\/mybusinessfuture.com\/es\/wp-json\/wp\/v2\/media\/85778"}],"wp:attachment":[{"href":"https:\/\/mybusinessfuture.com\/es\/wp-json\/wp\/v2\/media?parent=92009"}],"wp:term":[{"taxonomy":"category","embeddable":true,"href":"https:\/\/mybusinessfuture.com\/es\/wp-json\/wp\/v2\/categories?post=92009"},{"taxonomy":"post_tag","embeddable":true,"href":"https:\/\/mybusinessfuture.com\/es\/wp-json\/wp\/v2\/tags?post=92009"}],"curies":[{"name":"wp","href":"https:\/\/api.w.org\/{rel}","templated":true}]}}