{"id":91818,"date":"2026-03-30T15:27:54","date_gmt":"2026-03-30T15:27:54","guid":{"rendered":"https:\/\/mybusinessfuture.com\/transporte-publico-autonomo-alemania\/"},"modified":"2026-04-04T08:45:17","modified_gmt":"2026-04-04T08:45:17","slug":"transporte-publico-autonomo-alemania","status":"publish","type":"post","link":"https:\/\/mybusinessfuture.com\/es\/transporte-publico-autonomo-alemania\/","title":{"rendered":"Transporte p\u00fablico aut\u00f3nomo ampliamente aceptado en Alemania"},"content":{"rendered":"<p style=\"color:#6190a9;font-size:0.9em;margin:0 0 16px;padding:0;\">2 min. de lectura<\/p>\n<p><strong>La mayor\u00eda de las personas en Alemania se imagina utilizar en el transporte p\u00fablico urbano y regional veh\u00edculos aut\u00f3nomos, shuttles sin conductor y otros medios de transporte colectivo. Seg\u00fan la asociaci\u00f3n sectorial Bitkom, incluso ha aumentado la disposici\u00f3n a hacerlo.<\/strong><\/p>\n<p>&nbsp;<\/p>\n<p>Jap\u00f3n comenz\u00f3 en 2023 a adaptar el tren bala Shinkansen  &#8211; famoso mundialmente por su puntualidad &#8211;  para su funcionamiento aut\u00f3nomo, con una velocidad m\u00e1xima de hasta 300 km\/h. Esta modernizaci\u00f3n no afectar\u00e1 negativamente su famosa puntualidad; al contrario, la reforzar\u00e1.<\/p>\n<p>&nbsp;<\/p>\n<p>Tambi\u00e9n en Suiza se est\u00e1n llevando a cabo iniciativas para automatizar, al menos parcialmente, el tr\u00e1fico ferroviario. Esto ayudar\u00eda a paliar la escasez de personal cualificado, un factor clave detr\u00e1s de la falta de fiabilidad del sistema ferroviario alem\u00e1n. El fabricante de trenes Alstom ya lanz\u00f3 en septiembre de 2024 un proyecto piloto al respecto en Salzgitter (Alemania), al que calific\u00f3 de \u00abprimera mundial\u00bb.<\/p>\n<p>&nbsp;<\/p>\n<h2 style=\"margin-top:64px;margin-bottom:20px;padding-top:16px;\">Aceptaci\u00f3n especialmente alta en el transporte p\u00fablico urbano y regional<\/h2>\n<p>Los trenes m\u00e1s cortos, aut\u00f3nomos o semiaut\u00f3nomos mejorar\u00edan la puntualidad, la frecuencia de paso y la seguridad, afirman expertos. Pero, \u00bfqu\u00e9 ocurre con la disposici\u00f3n real de las personas a subirse a uno de estos trenes? Esa era precisamente la pregunta que Bitkom quiso responder mediante una encuesta. Seg\u00fan los resultados, la mayor\u00eda de la poblaci\u00f3n alemana se imagina sin dificultad utilizar veh\u00edculos capaces de conducirse por s\u00ed mismos.<\/p>\n<p>&nbsp;<\/p>\n<p>En trayectos cortos, la proporci\u00f3n supera sistem\u00e1ticamente las tres cuartas partes: el 77 % se mostrar\u00eda dispuesto a viajar en un shuttle o minib\u00fas sin conductor; el 76 % aceptar\u00eda hacerlo en un metro (U-Bahn) o tren suburbano (S-Bahn) equipados con conducci\u00f3n aut\u00f3noma, as\u00ed como en un autob\u00fas tambi\u00e9n aut\u00f3nomo. En 2023, estas cifras eran algo menores, entre el 72 % y el 74 %; en 2022, incluso rondaban \u00fanicamente el dos tercios de los cerca de 1.000 encuestados mayores de 16 a\u00f1os, seleccionados por encargo de Bitkom.<\/p>\n<p>&nbsp;<\/p>\n<div style=\"margin:32px 0;display:flex;flex-wrap:wrap;gap:12px;\">\n<div style=\"flex:1;min-width:160px;background:#fff5f5;border-radius:10px;padding:24px 20px;\">\n<div style=\"font-size:0.65em;text-transform:uppercase;letter-spacing:1.5px;color:#F21F05;border-bottom:2px solid #F21F05;padding-bottom:8px;margin-bottom:12px;\">DATO CLAVE<\/div>\n<div style=\"font-size:clamp(1.5em,5vw,2.4em);font-weight:800;color:#F21F05;line-height:1;\">77 %<\/div>\n<div style=\"font-size:0.8em;margin-top:8px;opacity:0.8;line-height:1.3;color:#495057;\">en un metro (U-Bahn) o tren suburbano (S-Bahn) equivalente, as\u00ed como en un autob\u00fas con conducci\u00f3n aut\u00f3noma<\/div>\n<\/div>\n<div style=\"flex:1;min-width:160px;background:#f8f9fa;border-radius:10px;padding:24px 20px;\">\n<div style=\"font-size:0.65em;text-transform:uppercase;letter-spacing:1.5px;color:#F21F05;border-bottom:2px solid #F21F05;padding-bottom:8px;margin-bottom:12px;\">DATO CLAVE<\/div>\n<div style=\"font-size:clamp(1.5em,5vw,2.4em);font-weight:800;color:#F21F05;line-height:1;\">76 %<\/div>\n<div style=\"font-size:0.8em;margin-top:8px;opacity:0.8;line-height:1.3;color:#495057;\">En 2023, estas cifras eran algo menores, entre el 72 % y el 74 %; en 2022, incluso rondaban \u00fanicamente el dos tercios<\/div>\n<\/div>\n<div style=\"flex:1;min-width:160px;background:#f8f9fa;border-radius:10px;padding:24px 20px;\">\n<div style=\"font-size:0.65em;text-transform:uppercase;letter-spacing:1.5px;color:#F21F05;border-bottom:2px solid #F21F05;padding-bottom:8px;margin-bottom:12px;\">DATO CLAVE<\/div>\n<div style=\"font-size:clamp(1.5em,5vw,2.4em);font-weight:800;color:#F21F05;line-height:1;\">74 %<\/div>\n<div style=\"font-size:0.8em;margin-top:8px;opacity:0.8;line-height:1.3;color:#495057;\">En 2023, estas cifras eran algo menores; en 2022, incluso rondaban \u00fanicamente el dos tercios<\/div>\n<\/div>\n<\/div>\n<h2 style=\"margin-top:64px;margin-bottom:20px;padding-top:16px;\">Frecuencia m\u00e1s alta gracias al transporte p\u00fablico aut\u00f3nomo<\/h2>\n<p>El potencial de los veh\u00edculos aut\u00f3nomos es especialmente elevado en el transporte p\u00fablico urbano y suburbano. \u00abSi, por ejemplo, nuestros trenes circulasen de forma aut\u00f3noma, podr\u00edamos ofrecer una frecuencia mucho m\u00e1s alta. Actualmente, esta posibilidad suele verse limitada por la escasez de conductores y conductoras\u00bb, afirma el director general de Bitkom, el doctor Bernhard Rohleder.<\/p>\n<p>&nbsp;<\/p>\n<p>El 65 % de los encuestados se imaginar\u00eda subirse a un taxi aut\u00f3nomo, y el 62 % incluso conducir\u00eda su propio veh\u00edculo aut\u00f3nomo. No obstante, ante desplazamientos m\u00e1s largos, persiste cierta reticencia respecto al uso de medios de transporte p\u00fablico aut\u00f3nomos frente a los privados: solo el 50 % de los encuestados estar\u00eda dispuesto a realizar un viaje en un tren regional o de largo recorrido con conducci\u00f3n aut\u00f3noma, mientras que en el caso de cruceros y vuelos esta cifra desciende a\u00fan m\u00e1s, hasta el 39 % y el 32 % respectivamente.<\/p>\n<p>&nbsp;<\/p>\n<p>Sin embargo, el 62 % de los participantes en la encuesta considera que, dentro de veinte a\u00f1os, los medios de transporte aut\u00f3nomos se habr\u00e1n consolidado plenamente y ser\u00e1n la norma, no la excepci\u00f3n.<\/p>\n<h2 style=\"margin-top:64px;margin-bottom:20px;padding-top:16px\">Recomendaciones de lectura de la redacci\u00f3n<\/h2>\n<ul>\n<li><a href=\"https:\/\/mybusinessfuture.com\/datenqualitaet-mittelstand-ki-ai-ready-data-2026\/\">Calidad de los datos en las pymes: por qu\u00e9 la inteligencia artificial fracasa sin datos limpios<\/a><\/li>\n<li><a href=\"https:\/\/mybusinessfuture.com\/b2b-plattformen-marktplaetze-vertrieb-mittelstand-2026\/\">Plataformas B2B: por qu\u00e9 los marketplaces est\u00e1n transformando la comercializaci\u00f3n<\/a><\/li>\n<li><a href=\"https:\/\/mybusinessfuture.com\/cyber-versicherung-kmu-deckung-kosten-2026\/\">Seguro cibern\u00e9tico para pymes: qu\u00e9 cobertura real ofrece<\/a><\/li>\n<\/ul>\n<h2 style=\"margin-top:64px;margin-bottom:20px;padding-top:16px;\">M\u00e1s del ecosistema medi\u00e1tico de MBF<\/h2>\n<p><a href=\"https:\/\/www.cloudmagazin.com\" target=\"_blank\">Revista Cloud<\/a> | <a href=\"https:\/\/www.securitytoday.de\" target=\"_blank\">SecurityToday<\/a> | <a href=\"https:\/\/www.digital-chiefs.de\" target=\"_blank\">Digital Chiefs<\/a><\/p>\n<p style=\"text-align: right; line-height:1.8;\"><em>Fuente de la imagen principal: iStock \/ Sven Loeffler<br \/><\/em><\/p>\n","protected":false},"excerpt":{"rendered":"<p>En el transporte local, autobuses y trenes sin conductor ser\u00edan ampliamente aceptables, seg\u00fan una encuesta de Bitkom.<\/p>\n","protected":false},"author":160,"featured_media":78986,"comment_status":"closed","ping_status":"closed","sticky":false,"template":"","format":"standard","meta":{"_acf_changed":false,"_yoast_wpseo_focuskw":"transporte p\u00fablico aut\u00f3nomo","_yoast_wpseo_title":"Transporte p\u00fablico aut\u00f3nomo: \u00bfC\u00f3mo funciona en Alemania?","_yoast_wpseo_metadesc":"Seg\u00fan una encuesta de Bitkom, muchos alemanes se imaginar\u00edan usar transporte p\u00fablico aut\u00f3nomo, como autobuses sin conductor, en su vida diaria.","_yoast_wpseo_meta-robots-noindex":"","_yoast_wpseo_meta-robots-nofollow":"","_yoast_wpseo_meta-robots-adv":"","_yoast_wpseo_canonical":"","_yoast_wpseo_opengraph-title":"","_yoast_wpseo_opengraph-description":"","_yoast_wpseo_opengraph-image":"","_yoast_wpseo_opengraph-image-id":0,"_yoast_wpseo_twitter-title":"","_yoast_wpseo_twitter-description":"","_yoast_wpseo_twitter-image":"","_yoast_wpseo_twitter-image-id":0,"featured_post_sortierung":0,"featured_post":0,"pre_headline":"","bildquelle":"","teasertext":"","language":"de","footnotes":""},"categories":[1996,2244],"tags":[],"class_list":["post-91818","post","type-post","status-publish","format-standard","has-post-thumbnail","hentry","category-mobilitaet","category-movilidad","entry"],"wpml_language":"es","wpml_translation_of":null,"acf":[],"yoast_head":"<!-- This site is optimized with the Yoast SEO plugin v26.9 - https:\/\/yoast.com\/product\/yoast-seo-wordpress\/ -->\n<title>Transporte p\u00fablico aut\u00f3nomo: \u00bfC\u00f3mo funciona en Alemania?<\/title>\n<meta name=\"description\" content=\"Seg\u00fan una encuesta de Bitkom, muchos alemanes se imaginar\u00edan usar transporte p\u00fablico aut\u00f3nomo, como autobuses sin conductor, en su vida diaria.\" \/>\n<meta name=\"robots\" content=\"index, follow, max-snippet:-1, max-image-preview:large, max-video-preview:-1\" \/>\n<link rel=\"canonical\" href=\"https:\/\/mybusinessfuture.com\/es\/transporte-publico-autonomo-alemania\/\" \/>\n<meta property=\"og:locale\" content=\"es_ES\" \/>\n<meta property=\"og:type\" content=\"article\" \/>\n<meta property=\"og:title\" content=\"Transporte p\u00fablico aut\u00f3nomo: \u00bfC\u00f3mo funciona en Alemania?\" \/>\n<meta property=\"og:description\" content=\"Seg\u00fan una encuesta de Bitkom, muchos alemanes se imaginar\u00edan usar transporte p\u00fablico aut\u00f3nomo, como autobuses sin conductor, en su vida diaria.\" \/>\n<meta property=\"og:url\" content=\"https:\/\/mybusinessfuture.com\/es\/transporte-publico-autonomo-alemania\/\" \/>\n<meta property=\"og:site_name\" content=\"MyBusinessFuture\" \/>\n<meta property=\"article:publisher\" content=\"https:\/\/www.facebook.com\/MyBusinessFuture\" \/>\n<meta property=\"article:published_time\" content=\"2026-03-30T15:27:54+00:00\" \/>\n<meta property=\"article:modified_time\" content=\"2026-04-04T08:45:17+00:00\" \/>\n<meta property=\"og:image\" content=\"https:\/\/mybusinessfuture.com\/wp-content\/uploads\/2020\/03\/mbf_autonome_technologien-2.jpg\" \/>\n\t<meta property=\"og:image:width\" content=\"800\" \/>\n\t<meta property=\"og:image:height\" content=\"500\" \/>\n\t<meta property=\"og:image:type\" content=\"image\/jpeg\" \/>\n<meta name=\"author\" content=\"Benedikt Langer\" \/>\n<meta name=\"twitter:card\" content=\"summary_large_image\" \/>\n<meta name=\"twitter:creator\" content=\"@mbusinessfuture\" \/>\n<meta name=\"twitter:site\" content=\"@mbusinessfuture\" \/>\n<meta name=\"twitter:label1\" content=\"Escrito por\" \/>\n\t<meta name=\"twitter:data1\" content=\"Benedikt Langer\" \/>\n\t<meta name=\"twitter:label2\" content=\"Tiempo de lectura\" \/>\n\t<meta name=\"twitter:data2\" content=\"3 minutos\" \/>\n<script type=\"application\/ld+json\" class=\"yoast-schema-graph\">{\"@context\":\"https:\/\/schema.org\",\"@graph\":[{\"@type\":\"NewsArticle\",\"@id\":\"https:\/\/mybusinessfuture.com\/es\/transporte-publico-autonomo-alemania\/#article\",\"isPartOf\":{\"@id\":\"https:\/\/mybusinessfuture.com\/es\/transporte-publico-autonomo-alemania\/\"},\"author\":{\"name\":\"Benedikt Langer\",\"@id\":\"https:\/\/mybusinessfuture.com\/#\/schema\/person\/2c6c900f809c3c375dc455db50d1e7b1\"},\"headline\":\"Transporte p\u00fablico aut\u00f3nomo ampliamente aceptado en Alemania\",\"datePublished\":\"2026-03-30T15:27:54+00:00\",\"dateModified\":\"2026-04-04T08:45:17+00:00\",\"mainEntityOfPage\":{\"@id\":\"https:\/\/mybusinessfuture.com\/es\/transporte-publico-autonomo-alemania\/\"},\"wordCount\":681,\"publisher\":{\"@id\":\"https:\/\/mybusinessfuture.com\/#organization\"},\"image\":{\"@id\":\"https:\/\/mybusinessfuture.com\/es\/transporte-publico-autonomo-alemania\/#primaryimage\"},\"thumbnailUrl\":\"https:\/\/mybusinessfuture.com\/wp-content\/uploads\/2020\/03\/mbf_autonome_technologien-2.jpg\",\"articleSection\":[\"Mobilit\u00e4t\",\"Movilidad\"],\"inLanguage\":\"es\"},{\"@type\":\"WebPage\",\"@id\":\"https:\/\/mybusinessfuture.com\/es\/transporte-publico-autonomo-alemania\/\",\"url\":\"https:\/\/mybusinessfuture.com\/es\/transporte-publico-autonomo-alemania\/\",\"name\":\"Transporte p\u00fablico aut\u00f3nomo: \u00bfC\u00f3mo funciona en Alemania?\",\"isPartOf\":{\"@id\":\"https:\/\/mybusinessfuture.com\/#website\"},\"primaryImageOfPage\":{\"@id\":\"https:\/\/mybusinessfuture.com\/es\/transporte-publico-autonomo-alemania\/#primaryimage\"},\"image\":{\"@id\":\"https:\/\/mybusinessfuture.com\/es\/transporte-publico-autonomo-alemania\/#primaryimage\"},\"thumbnailUrl\":\"https:\/\/mybusinessfuture.com\/wp-content\/uploads\/2020\/03\/mbf_autonome_technologien-2.jpg\",\"datePublished\":\"2026-03-30T15:27:54+00:00\",\"dateModified\":\"2026-04-04T08:45:17+00:00\",\"description\":\"Seg\u00fan una encuesta de Bitkom, muchos alemanes se imaginar\u00edan usar transporte p\u00fablico aut\u00f3nomo, como autobuses sin conductor, en su vida diaria.\",\"breadcrumb\":{\"@id\":\"https:\/\/mybusinessfuture.com\/es\/transporte-publico-autonomo-alemania\/#breadcrumb\"},\"inLanguage\":\"es\",\"potentialAction\":[{\"@type\":\"ReadAction\",\"target\":[\"https:\/\/mybusinessfuture.com\/es\/transporte-publico-autonomo-alemania\/\"]}]},{\"@type\":\"ImageObject\",\"inLanguage\":\"es\",\"@id\":\"https:\/\/mybusinessfuture.com\/es\/transporte-publico-autonomo-alemania\/#primaryimage\",\"url\":\"https:\/\/mybusinessfuture.com\/wp-content\/uploads\/2020\/03\/mbf_autonome_technologien-2.jpg\",\"contentUrl\":\"https:\/\/mybusinessfuture.com\/wp-content\/uploads\/2020\/03\/mbf_autonome_technologien-2.jpg\",\"width\":800,\"height\":500,\"caption\":\"Autonomer \u00d6PNV\"},{\"@type\":\"BreadcrumbList\",\"@id\":\"https:\/\/mybusinessfuture.com\/es\/transporte-publico-autonomo-alemania\/#breadcrumb\",\"itemListElement\":[{\"@type\":\"ListItem\",\"position\":1,\"name\":\"Startseite\",\"item\":\"https:\/\/mybusinessfuture.com\/\"},{\"@type\":\"ListItem\",\"position\":2,\"name\":\"Transporte p\u00fablico aut\u00f3nomo ampliamente aceptado en Alemania\"}]},{\"@type\":\"WebSite\",\"@id\":\"https:\/\/mybusinessfuture.com\/#website\",\"url\":\"https:\/\/mybusinessfuture.com\/\",\"name\":\"MyBusinessFuture\",\"description\":\"B2B-Magazin f\u00fcr Digitalisierung, KI und Business-Innovation \u2014 Fachartikel f\u00fcr IT-Entscheider im DACH-Raum\",\"publisher\":{\"@id\":\"https:\/\/mybusinessfuture.com\/#organization\"},\"potentialAction\":[{\"@type\":\"SearchAction\",\"target\":{\"@type\":\"EntryPoint\",\"urlTemplate\":\"https:\/\/mybusinessfuture.com\/?s={search_term_string}\"},\"query-input\":{\"@type\":\"PropertyValueSpecification\",\"valueRequired\":true,\"valueName\":\"search_term_string\"}}],\"inLanguage\":\"es\"},{\"@type\":\"Organization\",\"@id\":\"https:\/\/mybusinessfuture.com\/#organization\",\"name\":\"MyBusinessFuture\",\"url\":\"https:\/\/mybusinessfuture.com\/\",\"logo\":{\"@type\":\"ImageObject\",\"inLanguage\":\"es\",\"@id\":\"https:\/\/mybusinessfuture.com\/#\/schema\/logo\/image\/\",\"url\":\"https:\/\/mybusinessfuture.com\/wp-content\/uploads\/2020\/10\/MBF-logo-schwarz.png\",\"contentUrl\":\"https:\/\/mybusinessfuture.com\/wp-content\/uploads\/2020\/10\/MBF-logo-schwarz.png\",\"width\":398,\"height\":241,\"caption\":\"MyBusinessFuture\"},\"image\":{\"@id\":\"https:\/\/mybusinessfuture.com\/#\/schema\/logo\/image\/\"},\"sameAs\":[\"https:\/\/www.facebook.com\/MyBusinessFuture\",\"https:\/\/x.com\/mbusinessfuture\",\"https:\/\/www.linkedin.com\/showcase\/mybusinessfuture\/\"]},{\"@type\":\"Person\",\"@id\":\"https:\/\/mybusinessfuture.com\/#\/schema\/person\/2c6c900f809c3c375dc455db50d1e7b1\",\"name\":\"Benedikt Langer\",\"description\":\"Benedikt Langer befasst sich als Chefredakteur bei MyBusinessFuture mit Digitalisierung, Cloud-Strategien und KI-Anwendungen f\u00fcr Unternehmen. Mit besonderem Fokus auf K\u00fcnstliche Intelligenz, digitale Infrastruktur und strategische Cloud-Architekturen beleuchtet er technologische Entwicklungen und deren Auswirkungen auf Business-Entscheidungen.\",\"sameAs\":[\"https:\/\/www.linkedin.com\/in\/benedikt-langer\/\",\"https:\/\/www.linkedin.com\/in\/benedikt-langer-574b8a20b\/\"],\"url\":\"https:\/\/mybusinessfuture.com\/es\/experte\/benedikt-langer\/\"}]}<\/script>\n<!-- \/ Yoast SEO plugin. -->","yoast_head_json":{"title":"Transporte p\u00fablico aut\u00f3nomo: \u00bfC\u00f3mo funciona en Alemania?","description":"Seg\u00fan una encuesta de Bitkom, muchos alemanes se imaginar\u00edan usar transporte p\u00fablico aut\u00f3nomo, como autobuses sin conductor, en su vida diaria.","robots":{"index":"index","follow":"follow","max-snippet":"max-snippet:-1","max-image-preview":"max-image-preview:large","max-video-preview":"max-video-preview:-1"},"canonical":"https:\/\/mybusinessfuture.com\/es\/transporte-publico-autonomo-alemania\/","og_locale":"es_ES","og_type":"article","og_title":"Transporte p\u00fablico aut\u00f3nomo: \u00bfC\u00f3mo funciona en Alemania?","og_description":"Seg\u00fan una encuesta de Bitkom, muchos alemanes se imaginar\u00edan usar transporte p\u00fablico aut\u00f3nomo, como autobuses sin conductor, en su vida diaria.","og_url":"https:\/\/mybusinessfuture.com\/es\/transporte-publico-autonomo-alemania\/","og_site_name":"MyBusinessFuture","article_publisher":"https:\/\/www.facebook.com\/MyBusinessFuture","article_published_time":"2026-03-30T15:27:54+00:00","article_modified_time":"2026-04-04T08:45:17+00:00","og_image":[{"width":800,"height":500,"url":"https:\/\/mybusinessfuture.com\/wp-content\/uploads\/2020\/03\/mbf_autonome_technologien-2.jpg","type":"image\/jpeg"}],"author":"Benedikt Langer","twitter_card":"summary_large_image","twitter_creator":"@mbusinessfuture","twitter_site":"@mbusinessfuture","twitter_misc":{"Escrito por":"Benedikt Langer","Tiempo de lectura":"3 minutos"},"schema":{"@context":"https:\/\/schema.org","@graph":[{"@type":"NewsArticle","@id":"https:\/\/mybusinessfuture.com\/es\/transporte-publico-autonomo-alemania\/#article","isPartOf":{"@id":"https:\/\/mybusinessfuture.com\/es\/transporte-publico-autonomo-alemania\/"},"author":{"name":"Benedikt Langer","@id":"https:\/\/mybusinessfuture.com\/#\/schema\/person\/2c6c900f809c3c375dc455db50d1e7b1"},"headline":"Transporte p\u00fablico aut\u00f3nomo ampliamente aceptado en Alemania","datePublished":"2026-03-30T15:27:54+00:00","dateModified":"2026-04-04T08:45:17+00:00","mainEntityOfPage":{"@id":"https:\/\/mybusinessfuture.com\/es\/transporte-publico-autonomo-alemania\/"},"wordCount":681,"publisher":{"@id":"https:\/\/mybusinessfuture.com\/#organization"},"image":{"@id":"https:\/\/mybusinessfuture.com\/es\/transporte-publico-autonomo-alemania\/#primaryimage"},"thumbnailUrl":"https:\/\/mybusinessfuture.com\/wp-content\/uploads\/2020\/03\/mbf_autonome_technologien-2.jpg","articleSection":["Mobilit\u00e4t","Movilidad"],"inLanguage":"es"},{"@type":"WebPage","@id":"https:\/\/mybusinessfuture.com\/es\/transporte-publico-autonomo-alemania\/","url":"https:\/\/mybusinessfuture.com\/es\/transporte-publico-autonomo-alemania\/","name":"Transporte p\u00fablico aut\u00f3nomo: \u00bfC\u00f3mo funciona en Alemania?","isPartOf":{"@id":"https:\/\/mybusinessfuture.com\/#website"},"primaryImageOfPage":{"@id":"https:\/\/mybusinessfuture.com\/es\/transporte-publico-autonomo-alemania\/#primaryimage"},"image":{"@id":"https:\/\/mybusinessfuture.com\/es\/transporte-publico-autonomo-alemania\/#primaryimage"},"thumbnailUrl":"https:\/\/mybusinessfuture.com\/wp-content\/uploads\/2020\/03\/mbf_autonome_technologien-2.jpg","datePublished":"2026-03-30T15:27:54+00:00","dateModified":"2026-04-04T08:45:17+00:00","description":"Seg\u00fan una encuesta de Bitkom, muchos alemanes se imaginar\u00edan usar transporte p\u00fablico aut\u00f3nomo, como autobuses sin conductor, en su vida diaria.","breadcrumb":{"@id":"https:\/\/mybusinessfuture.com\/es\/transporte-publico-autonomo-alemania\/#breadcrumb"},"inLanguage":"es","potentialAction":[{"@type":"ReadAction","target":["https:\/\/mybusinessfuture.com\/es\/transporte-publico-autonomo-alemania\/"]}]},{"@type":"ImageObject","inLanguage":"es","@id":"https:\/\/mybusinessfuture.com\/es\/transporte-publico-autonomo-alemania\/#primaryimage","url":"https:\/\/mybusinessfuture.com\/wp-content\/uploads\/2020\/03\/mbf_autonome_technologien-2.jpg","contentUrl":"https:\/\/mybusinessfuture.com\/wp-content\/uploads\/2020\/03\/mbf_autonome_technologien-2.jpg","width":800,"height":500,"caption":"Autonomer \u00d6PNV"},{"@type":"BreadcrumbList","@id":"https:\/\/mybusinessfuture.com\/es\/transporte-publico-autonomo-alemania\/#breadcrumb","itemListElement":[{"@type":"ListItem","position":1,"name":"Startseite","item":"https:\/\/mybusinessfuture.com\/"},{"@type":"ListItem","position":2,"name":"Transporte p\u00fablico aut\u00f3nomo ampliamente aceptado en Alemania"}]},{"@type":"WebSite","@id":"https:\/\/mybusinessfuture.com\/#website","url":"https:\/\/mybusinessfuture.com\/","name":"MyBusinessFuture","description":"B2B-Magazin f\u00fcr Digitalisierung, KI und Business-Innovation \u2014 Fachartikel f\u00fcr IT-Entscheider im DACH-Raum","publisher":{"@id":"https:\/\/mybusinessfuture.com\/#organization"},"potentialAction":[{"@type":"SearchAction","target":{"@type":"EntryPoint","urlTemplate":"https:\/\/mybusinessfuture.com\/?s={search_term_string}"},"query-input":{"@type":"PropertyValueSpecification","valueRequired":true,"valueName":"search_term_string"}}],"inLanguage":"es"},{"@type":"Organization","@id":"https:\/\/mybusinessfuture.com\/#organization","name":"MyBusinessFuture","url":"https:\/\/mybusinessfuture.com\/","logo":{"@type":"ImageObject","inLanguage":"es","@id":"https:\/\/mybusinessfuture.com\/#\/schema\/logo\/image\/","url":"https:\/\/mybusinessfuture.com\/wp-content\/uploads\/2020\/10\/MBF-logo-schwarz.png","contentUrl":"https:\/\/mybusinessfuture.com\/wp-content\/uploads\/2020\/10\/MBF-logo-schwarz.png","width":398,"height":241,"caption":"MyBusinessFuture"},"image":{"@id":"https:\/\/mybusinessfuture.com\/#\/schema\/logo\/image\/"},"sameAs":["https:\/\/www.facebook.com\/MyBusinessFuture","https:\/\/x.com\/mbusinessfuture","https:\/\/www.linkedin.com\/showcase\/mybusinessfuture\/"]},{"@type":"Person","@id":"https:\/\/mybusinessfuture.com\/#\/schema\/person\/2c6c900f809c3c375dc455db50d1e7b1","name":"Benedikt Langer","description":"Benedikt Langer befasst sich als Chefredakteur bei MyBusinessFuture mit Digitalisierung, Cloud-Strategien und KI-Anwendungen f\u00fcr Unternehmen. Mit besonderem Fokus auf K\u00fcnstliche Intelligenz, digitale Infrastruktur und strategische Cloud-Architekturen beleuchtet er technologische Entwicklungen und deren Auswirkungen auf Business-Entscheidungen.","sameAs":["https:\/\/www.linkedin.com\/in\/benedikt-langer\/","https:\/\/www.linkedin.com\/in\/benedikt-langer-574b8a20b\/"],"url":"https:\/\/mybusinessfuture.com\/es\/experte\/benedikt-langer\/"}]}},"_links":{"self":[{"href":"https:\/\/mybusinessfuture.com\/es\/wp-json\/wp\/v2\/posts\/91818","targetHints":{"allow":["GET"]}}],"collection":[{"href":"https:\/\/mybusinessfuture.com\/es\/wp-json\/wp\/v2\/posts"}],"about":[{"href":"https:\/\/mybusinessfuture.com\/es\/wp-json\/wp\/v2\/types\/post"}],"author":[{"embeddable":true,"href":"https:\/\/mybusinessfuture.com\/es\/wp-json\/wp\/v2\/users\/160"}],"replies":[{"embeddable":true,"href":"https:\/\/mybusinessfuture.com\/es\/wp-json\/wp\/v2\/comments?post=91818"}],"version-history":[{"count":2,"href":"https:\/\/mybusinessfuture.com\/es\/wp-json\/wp\/v2\/posts\/91818\/revisions"}],"predecessor-version":[{"id":93634,"href":"https:\/\/mybusinessfuture.com\/es\/wp-json\/wp\/v2\/posts\/91818\/revisions\/93634"}],"wp:featuredmedia":[{"embeddable":true,"href":"https:\/\/mybusinessfuture.com\/es\/wp-json\/wp\/v2\/media\/78986"}],"wp:attachment":[{"href":"https:\/\/mybusinessfuture.com\/es\/wp-json\/wp\/v2\/media?parent=91818"}],"wp:term":[{"taxonomy":"category","embeddable":true,"href":"https:\/\/mybusinessfuture.com\/es\/wp-json\/wp\/v2\/categories?post=91818"},{"taxonomy":"post_tag","embeddable":true,"href":"https:\/\/mybusinessfuture.com\/es\/wp-json\/wp\/v2\/tags?post=91818"}],"curies":[{"name":"wp","href":"https:\/\/api.w.org\/{rel}","templated":true}]}}