{"id":91785,"date":"2026-03-30T15:23:03","date_gmt":"2026-03-30T15:23:03","guid":{"rendered":"https:\/\/mybusinessfuture.com\/ia-generativa-gastos-ti-europa\/"},"modified":"2026-04-04T08:45:27","modified_gmt":"2026-04-04T08:45:27","slug":"ia-generativa-gastos-ti-europa","status":"publish","type":"post","link":"https:\/\/mybusinessfuture.com\/es\/ia-generativa-gastos-ti-europa\/","title":{"rendered":"IDC: la IA generativa impulsa los gastos de TI europeos"},"content":{"rendered":"<p style=\"color:#6190a9;font-size:0.9em;margin:0 0 16px;padding:0;\">2 minutos de lectura<\/p>\n<p><strong>Seg\u00fan IDC, los gastos en TI en Europa ascender\u00e1n a 133\u202f000 millones de d\u00f3lares estadounidenses en 2028. La inteligencia artificial generativa (IA generativa) se considera uno de los principales impulsores de ese crecimiento.<\/strong><\/p>\n<p>&nbsp;<\/p>\n<p>Aunque su verdadero valor a\u00fan no est\u00e1 del todo claro, numerosas empresas de todo el mundo  &#8211; incluidas muchas de Europa &#8211;  est\u00e1n invirtiendo ya en modelos de lenguaje de inteligencia artificial como ChatGPT. As\u00ed, la inteligencia artificial generativa, conocida tambi\u00e9n como IA generativa, se ha convertido en un factor clave para el crecimiento de los gastos en TI en la regi\u00f3n.<\/p>\n<p>&nbsp;<\/p>\n<p>El instituto estadounidense de investigaci\u00f3n de mercados IDC prev\u00e9 una tasa anual de crecimiento del 30,3\u202f%, lo que elevar\u00eda los gastos europeos en TI a 133\u202f000 millones de d\u00f3lares al a\u00f1o para 2028.<\/p>\n<p>&nbsp;<\/p>\n<p>Seg\u00fan datos publicados por la plataforma suiza <em>Netzwoche.ch<\/em>, el 40\u202f% de las empresas ya ha destinado cantidades significativas de inversi\u00f3n a soluciones de IA generativa. Estas inversiones abarcan no solo el software espec\u00edfico, sino tambi\u00e9n formaci\u00f3n y servicios de consultor\u00eda. Adem\u00e1s, el 30\u202f% de las empresas encuestadas por IDC ya ha integrado la IA generativa en entornos productivos reales.<\/p>\n<p>&nbsp;<\/p>\n<h2 style=\"margin-top:64px;margin-bottom:20px;padding-top:16px;\">La seguridad es otro potente motor de crecimiento<\/h2>\n<p>El sector financiero es el que m\u00e1s invierte. Los bancos tambi\u00e9n destinan la mayor parte del gasto en inteligencia artificial (IA). Se prev\u00e9 que la participaci\u00f3n de este sector en los gastos totales de tecnolog\u00edas de la informaci\u00f3n (TI) en Europa aumente considerablemente, pasando del 15,7 % actual al 23 % en 2028. En segundo lugar se sit\u00faa actualmente el comercio minorista, con un 9,5 %, y en tercer lugar la industria del software y las tecnolog\u00edas de la informaci\u00f3n, con un 8,3 %.<\/p>\n<p>&nbsp;<\/p>\n<p><img decoding=\"async\" loading=\"lazy\" class=\"alignnone size-medium wp-image-85280\" src=\"https:\/\/mybusinessfuture.com\/wp-content\/uploads\/2024\/11\/IDC-European-Spending-on-Artificial-Intelligence-to-Reach-133-Billion-by-2028-According-to-a-New-IDC-Spending-Guide-2024-Oct-F-1-760x398.jpg\" alt=\"\" width=\"760\" height=\"398\" srcset=\"https:\/\/mybusinessfuture.com\/wp-content\/uploads\/2024\/11\/IDC-European-Spending-on-Artificial-Intelligence-to-Reach-133-Billion-by-2028-According-to-a-New-IDC-Spending-Guide-2024-Oct-F-1-760x398.jpg 760w, https:\/\/mybusinessfuture.com\/wp-content\/uploads\/2024\/11\/IDC-European-Spending-on-Artificial-Intelligence-to-Reach-133-Billion-by-2028-According-to-a-New-IDC-Spending-Guide-2024-Oct-F-1-1024x536.jpg 1024w, https:\/\/mybusinessfuture.com\/wp-content\/uploads\/2024\/11\/IDC-European-Spending-on-Artificial-Intelligence-to-Reach-133-Billion-by-2028-According-to-a-New-IDC-Spending-Guide-2024-Oct-F-1-768x402.jpg 768w, https:\/\/mybusinessfuture.com\/wp-content\/uploads\/2024\/11\/IDC-European-Spending-on-Artificial-Intelligence-to-Reach-133-Billion-by-2028-According-to-a-New-IDC-Spending-Guide-2024-Oct-F-1.jpg 1200w\" sizes=\"auto, (max-width: 760px) 100vw, 760px\" \/><\/p>\n<p>&nbsp;<\/p>\n<p>Otro gran impulsor del crecimiento del gasto es la ciberseguridad. La asociaci\u00f3n sectorial Bitkom acaba de publicar cifras seg\u00fan las cuales los gastos alemanes en este \u00e1mbito han superado por primera vez la barrera de los 10 000 millones de euros.<\/p>\n<p>&nbsp;<\/p>\n<p>Adem\u00e1s, una proporci\u00f3n cada vez mayor de esos fondos se destina a soluciones de seguridad TI basadas en IA, identificadas por IDC como el segundo caso de uso m\u00e1s relevante. Estos sistemas, por ejemplo, ayudan a detectar fraudes. En 2024, ya representan el 8,7 % de todos los gastos en IA. Esta inversi\u00f3n resulta urgentemente necesaria, pues tambi\u00e9n los ciberdelincuentes recurren cada vez m\u00e1s a la inteligencia artificial.<\/p>\n<p>&nbsp;<\/p>\n<p>Otros casos de uso importantes de la IA, seg\u00fan IDC, son el an\u00e1lisis y la prevenci\u00f3n de amenazas (8,7 %), seguidos de la infraestructura de IA (6,6 %) y el servicio al cliente impulsado por IA (5,9 %).<\/p>\n<p>&nbsp;<\/p>\n<p><img decoding=\"async\" loading=\"lazy\" class=\"alignnone size-medium wp-image-85277\" src=\"https:\/\/mybusinessfuture.com\/wp-content\/uploads\/2024\/11\/IDC-European-Spending-on-Artificial-Intelligence-to-Reach-133-Billion-by-2028-According-to-a-New-IDC-Spending-Guide-2024-Oct-F-2-760x398.jpg\" alt=\"\" width=\"760\" height=\"398\" srcset=\"https:\/\/mybusinessfuture.com\/wp-content\/uploads\/2024\/11\/IDC-European-Spending-on-Artificial-Intelligence-to-Reach-133-Billion-by-2028-According-to-a-New-IDC-Spending-Guide-2024-Oct-F-2-760x398.jpg 760w, https:\/\/mybusinessfuture.com\/wp-content\/uploads\/2024\/11\/IDC-European-Spending-on-Artificial-Intelligence-to-Reach-133-Billion-by-2028-According-to-a-New-IDC-Spending-Guide-2024-Oct-F-2-1024x536.jpg 1024w, https:\/\/mybusinessfuture.com\/wp-content\/uploads\/2024\/11\/IDC-European-Spending-on-Artificial-Intelligence-to-Reach-133-Billion-by-2028-According-to-a-New-IDC-Spending-Guide-2024-Oct-F-2-768x402.jpg 768w, https:\/\/mybusinessfuture.com\/wp-content\/uploads\/2024\/11\/IDC-European-Spending-on-Artificial-Intelligence-to-Reach-133-Billion-by-2028-According-to-a-New-IDC-Spending-Guide-2024-Oct-F-2.jpg 1200w\" sizes=\"auto, (max-width: 760px) 100vw, 760px\" \/><\/p>\n<p>&nbsp;<\/p>\n<p>Actualmente poco significativos pero en r\u00e1pido crecimiento son los gastos en IA relacionados con el comercio digital, cuya tasa anual compuesta de crecimiento (CAGR) alcanza el 34,1 %. Asimismo, los \u00e1mbitos de la formaci\u00f3n profesional continua y la gesti\u00f3n de siniestros en el sector asegurador experimentan tasas de crecimiento superiores al 33 %.<\/p>\n<h2 style=\"margin-top:64px;margin-bottom:20px;padding-top:16px;\">Recomendaciones de lectura de la redacci\u00f3n<\/h2>\n<ul>\n<li><a href=\"https:\/\/mybusinessfuture.com\/datenqualitaet-mittelstand-ki-ai-ready-data-2026\/\">Calidad de los datos en las pymes: por qu\u00e9 la inteligencia artificial fracasa sin datos limpios<\/a><\/li>\n<li><a href=\"https:\/\/mybusinessfuture.com\/b2b-plattformen-marktplaetze-vertrieb-mittelstand-2026\/\">Plataformas B2B: por qu\u00e9 los marketplaces est\u00e1n transformando la comercializaci\u00f3n<\/a><\/li>\n<li><a href=\"https:\/\/mybusinessfuture.com\/cyber-versicherung-kmu-deckung-kosten-2026\/\">Seguro cibern\u00e9tico para pymes: qu\u00e9 cobertura real ofrece<\/a><\/li>\n<\/ul>\n<h2 style=\"margin-top:64px;margin-bottom:20px;padding-top:16px;\">M\u00e1s del ecosistema medi\u00e1tico de MBF<\/h2>\n<p><a href=\"https:\/\/www.cloudmagazin.com\" target=\"_blank\">Revista Cloud<\/a> | <a href=\"https:\/\/www.securitytoday.de\" target=\"_blank\">SecurityToday<\/a> | <a href=\"https:\/\/www.digital-chiefs.de\" target=\"_blank\">Digital Chiefs<\/a><\/p>\n<p style=\"text-align: right;line-height:1.8;\"><em>Fuente de la imagen principal: Unsplash \/ Igor Omilaev<\/em><\/p>\n","protected":false},"excerpt":{"rendered":"<p>Seg\u00fan IDC, los gastos de TI en Europa aumentan significativamente, impulsados entre otros por la IA generativa.<\/p>\n","protected":false},"author":207,"featured_media":85291,"comment_status":"closed","ping_status":"closed","sticky":false,"template":"","format":"standard","meta":{"_acf_changed":false,"_yoast_wpseo_focuskw":"IA generativa","_yoast_wpseo_title":"IA generativa: Impulsa gastos TI en Europa 2024","_yoast_wpseo_metadesc":"Seg\u00fan IDC, los gastos de TI en Europa crecer\u00e1n un 30 % anual hasta 2028, liderados por la IA generativa y la ciberseguridad.","_yoast_wpseo_meta-robots-noindex":"","_yoast_wpseo_meta-robots-nofollow":"","_yoast_wpseo_meta-robots-adv":"","_yoast_wpseo_canonical":"","_yoast_wpseo_opengraph-title":"","_yoast_wpseo_opengraph-description":"","_yoast_wpseo_opengraph-image":"","_yoast_wpseo_opengraph-image-id":"","_yoast_wpseo_twitter-title":"","_yoast_wpseo_twitter-description":"","_yoast_wpseo_twitter-image":"","_yoast_wpseo_twitter-image-id":"","featured_post_sortierung":0,"featured_post":0,"pre_headline":"","bildquelle":"","teasertext":"","language":"de","footnotes":""},"categories":[1280,2239],"tags":[],"class_list":{"0":"post-91785","1":"post","2":"type-post","3":"status-publish","4":"format-standard","5":"has-post-thumbnail","6":"hentry","7":"category-it-tech","9":"entry"},"wpml_language":"es","wpml_translation_of":null,"acf":[],"yoast_head":"<!-- This site is optimized with the Yoast SEO plugin v26.9 - https:\/\/yoast.com\/product\/yoast-seo-wordpress\/ -->\n<title>IA generativa: Impulsa gastos TI en Europa 2024<\/title>\n<meta name=\"description\" content=\"Seg\u00fan IDC, los gastos de TI en Europa crecer\u00e1n un 30 % anual hasta 2028, liderados por la IA generativa y la ciberseguridad.\" \/>\n<meta name=\"robots\" content=\"index, follow, max-snippet:-1, max-image-preview:large, max-video-preview:-1\" \/>\n<link rel=\"canonical\" href=\"https:\/\/mybusinessfuture.com\/es\/ia-generativa-gastos-ti-europa\/\" \/>\n<meta property=\"og:locale\" content=\"es_ES\" \/>\n<meta property=\"og:type\" content=\"article\" \/>\n<meta property=\"og:title\" content=\"IA generativa: Impulsa gastos TI en Europa 2024\" \/>\n<meta property=\"og:description\" content=\"Seg\u00fan IDC, los gastos de TI en Europa crecer\u00e1n un 30 % anual hasta 2028, liderados por la IA generativa y la ciberseguridad.\" \/>\n<meta property=\"og:url\" content=\"https:\/\/mybusinessfuture.com\/es\/ia-generativa-gastos-ti-europa\/\" \/>\n<meta property=\"og:site_name\" content=\"MyBusinessFuture\" \/>\n<meta property=\"article:publisher\" content=\"https:\/\/www.facebook.com\/MyBusinessFuture\" \/>\n<meta property=\"article:published_time\" content=\"2026-03-30T15:23:03+00:00\" \/>\n<meta property=\"article:modified_time\" content=\"2026-04-04T08:45:27+00:00\" \/>\n<meta property=\"og:image\" content=\"https:\/\/mybusinessfuture.com\/wp-content\/uploads\/2024\/11\/igor-omilaev-9wjtGixx6Ls-unsplash-scaled.jpg\" \/>\n\t<meta property=\"og:image:width\" content=\"2560\" \/>\n\t<meta property=\"og:image:height\" content=\"1920\" \/>\n\t<meta property=\"og:image:type\" content=\"image\/jpeg\" \/>\n<meta name=\"author\" content=\"Klaus Hauptfleisch\" \/>\n<meta name=\"twitter:card\" content=\"summary_large_image\" \/>\n<meta name=\"twitter:creator\" content=\"@mbusinessfuture\" \/>\n<meta name=\"twitter:site\" content=\"@mbusinessfuture\" \/>\n<meta name=\"twitter:label1\" content=\"Escrito por\" \/>\n\t<meta name=\"twitter:data1\" content=\"Klaus Hauptfleisch\" \/>\n\t<meta name=\"twitter:label2\" content=\"Tiempo de lectura\" \/>\n\t<meta name=\"twitter:data2\" content=\"3 minutos\" \/>\n<script type=\"application\/ld+json\" class=\"yoast-schema-graph\">{\"@context\":\"https:\/\/schema.org\",\"@graph\":[{\"@type\":\"NewsArticle\",\"@id\":\"https:\/\/mybusinessfuture.com\/es\/ia-generativa-gastos-ti-europa\/#article\",\"isPartOf\":{\"@id\":\"https:\/\/mybusinessfuture.com\/es\/ia-generativa-gastos-ti-europa\/\"},\"author\":{\"name\":\"Klaus Hauptfleisch\",\"@id\":\"https:\/\/mybusinessfuture.com\/#\/schema\/person\/729f20381c77c9298a90716a1f127b62\"},\"headline\":\"IDC: la IA generativa impulsa los gastos de TI europeos\",\"datePublished\":\"2026-03-30T15:23:03+00:00\",\"dateModified\":\"2026-04-04T08:45:27+00:00\",\"mainEntityOfPage\":{\"@id\":\"https:\/\/mybusinessfuture.com\/es\/ia-generativa-gastos-ti-europa\/\"},\"wordCount\":578,\"publisher\":{\"@id\":\"https:\/\/mybusinessfuture.com\/#organization\"},\"image\":{\"@id\":\"https:\/\/mybusinessfuture.com\/es\/ia-generativa-gastos-ti-europa\/#primaryimage\"},\"thumbnailUrl\":\"https:\/\/mybusinessfuture.com\/wp-content\/uploads\/2024\/11\/igor-omilaev-9wjtGixx6Ls-unsplash-scaled.jpg\",\"articleSection\":[\"IT &amp; Tech\",\"IT &amp; Tech\"],\"inLanguage\":\"es\"},{\"@type\":\"WebPage\",\"@id\":\"https:\/\/mybusinessfuture.com\/es\/ia-generativa-gastos-ti-europa\/\",\"url\":\"https:\/\/mybusinessfuture.com\/es\/ia-generativa-gastos-ti-europa\/\",\"name\":\"IA generativa: Impulsa gastos TI en Europa 2024\",\"isPartOf\":{\"@id\":\"https:\/\/mybusinessfuture.com\/#website\"},\"primaryImageOfPage\":{\"@id\":\"https:\/\/mybusinessfuture.com\/es\/ia-generativa-gastos-ti-europa\/#primaryimage\"},\"image\":{\"@id\":\"https:\/\/mybusinessfuture.com\/es\/ia-generativa-gastos-ti-europa\/#primaryimage\"},\"thumbnailUrl\":\"https:\/\/mybusinessfuture.com\/wp-content\/uploads\/2024\/11\/igor-omilaev-9wjtGixx6Ls-unsplash-scaled.jpg\",\"datePublished\":\"2026-03-30T15:23:03+00:00\",\"dateModified\":\"2026-04-04T08:45:27+00:00\",\"description\":\"Seg\u00fan IDC, los gastos de TI en Europa crecer\u00e1n un 30 % anual hasta 2028, liderados por la IA generativa y la ciberseguridad.\",\"breadcrumb\":{\"@id\":\"https:\/\/mybusinessfuture.com\/es\/ia-generativa-gastos-ti-europa\/#breadcrumb\"},\"inLanguage\":\"es\",\"potentialAction\":[{\"@type\":\"ReadAction\",\"target\":[\"https:\/\/mybusinessfuture.com\/es\/ia-generativa-gastos-ti-europa\/\"]}]},{\"@type\":\"ImageObject\",\"inLanguage\":\"es\",\"@id\":\"https:\/\/mybusinessfuture.com\/es\/ia-generativa-gastos-ti-europa\/#primaryimage\",\"url\":\"https:\/\/mybusinessfuture.com\/wp-content\/uploads\/2024\/11\/igor-omilaev-9wjtGixx6Ls-unsplash-scaled.jpg\",\"contentUrl\":\"https:\/\/mybusinessfuture.com\/wp-content\/uploads\/2024\/11\/igor-omilaev-9wjtGixx6Ls-unsplash-scaled.jpg\",\"width\":2560,\"height\":1920,\"caption\":\"GenAI\"},{\"@type\":\"BreadcrumbList\",\"@id\":\"https:\/\/mybusinessfuture.com\/es\/ia-generativa-gastos-ti-europa\/#breadcrumb\",\"itemListElement\":[{\"@type\":\"ListItem\",\"position\":1,\"name\":\"Startseite\",\"item\":\"https:\/\/mybusinessfuture.com\/\"},{\"@type\":\"ListItem\",\"position\":2,\"name\":\"IDC: la IA generativa impulsa los gastos de TI europeos\"}]},{\"@type\":\"WebSite\",\"@id\":\"https:\/\/mybusinessfuture.com\/#website\",\"url\":\"https:\/\/mybusinessfuture.com\/\",\"name\":\"MyBusinessFuture\",\"description\":\"B2B-Magazin f\u00fcr Digitalisierung, KI und Business-Innovation \u2014 Fachartikel f\u00fcr IT-Entscheider im DACH-Raum\",\"publisher\":{\"@id\":\"https:\/\/mybusinessfuture.com\/#organization\"},\"potentialAction\":[{\"@type\":\"SearchAction\",\"target\":{\"@type\":\"EntryPoint\",\"urlTemplate\":\"https:\/\/mybusinessfuture.com\/?s={search_term_string}\"},\"query-input\":{\"@type\":\"PropertyValueSpecification\",\"valueRequired\":true,\"valueName\":\"search_term_string\"}}],\"inLanguage\":\"es\"},{\"@type\":\"Organization\",\"@id\":\"https:\/\/mybusinessfuture.com\/#organization\",\"name\":\"MyBusinessFuture\",\"url\":\"https:\/\/mybusinessfuture.com\/\",\"logo\":{\"@type\":\"ImageObject\",\"inLanguage\":\"es\",\"@id\":\"https:\/\/mybusinessfuture.com\/#\/schema\/logo\/image\/\",\"url\":\"https:\/\/mybusinessfuture.com\/wp-content\/uploads\/2020\/10\/MBF-logo-schwarz.png\",\"contentUrl\":\"https:\/\/mybusinessfuture.com\/wp-content\/uploads\/2020\/10\/MBF-logo-schwarz.png\",\"width\":398,\"height\":241,\"caption\":\"MyBusinessFuture\"},\"image\":{\"@id\":\"https:\/\/mybusinessfuture.com\/#\/schema\/logo\/image\/\"},\"sameAs\":[\"https:\/\/www.facebook.com\/MyBusinessFuture\",\"https:\/\/x.com\/mbusinessfuture\",\"https:\/\/www.linkedin.com\/showcase\/mybusinessfuture\/\"]},{\"@type\":\"Person\",\"@id\":\"https:\/\/mybusinessfuture.com\/#\/schema\/person\/729f20381c77c9298a90716a1f127b62\",\"name\":\"Klaus Hauptfleisch\",\"description\":\"Klaus Hauptfleisch ist erfahrener IT-Journalist und Fachredakteur bei MyBusinessFuture. Er berichtet \u00fcber Digitalisierung, IT-Trends und Business-Technologie.\",\"url\":\"https:\/\/mybusinessfuture.com\/es\/experte\/klaus-hauptfleisch\/\"}]}<\/script>\n<!-- \/ Yoast SEO plugin. -->","yoast_head_json":{"title":"IA generativa: Impulsa gastos TI en Europa 2024","description":"Seg\u00fan IDC, los gastos de TI en Europa crecer\u00e1n un 30 % anual hasta 2028, liderados por la IA generativa y la ciberseguridad.","robots":{"index":"index","follow":"follow","max-snippet":"max-snippet:-1","max-image-preview":"max-image-preview:large","max-video-preview":"max-video-preview:-1"},"canonical":"https:\/\/mybusinessfuture.com\/es\/ia-generativa-gastos-ti-europa\/","og_locale":"es_ES","og_type":"article","og_title":"IA generativa: Impulsa gastos TI en Europa 2024","og_description":"Seg\u00fan IDC, los gastos de TI en Europa crecer\u00e1n un 30 % anual hasta 2028, liderados por la IA generativa y la ciberseguridad.","og_url":"https:\/\/mybusinessfuture.com\/es\/ia-generativa-gastos-ti-europa\/","og_site_name":"MyBusinessFuture","article_publisher":"https:\/\/www.facebook.com\/MyBusinessFuture","article_published_time":"2026-03-30T15:23:03+00:00","article_modified_time":"2026-04-04T08:45:27+00:00","og_image":[{"width":2560,"height":1920,"url":"https:\/\/mybusinessfuture.com\/wp-content\/uploads\/2024\/11\/igor-omilaev-9wjtGixx6Ls-unsplash-scaled.jpg","type":"image\/jpeg"}],"author":"Klaus Hauptfleisch","twitter_card":"summary_large_image","twitter_creator":"@mbusinessfuture","twitter_site":"@mbusinessfuture","twitter_misc":{"Escrito por":"Klaus Hauptfleisch","Tiempo de lectura":"3 minutos"},"schema":{"@context":"https:\/\/schema.org","@graph":[{"@type":"NewsArticle","@id":"https:\/\/mybusinessfuture.com\/es\/ia-generativa-gastos-ti-europa\/#article","isPartOf":{"@id":"https:\/\/mybusinessfuture.com\/es\/ia-generativa-gastos-ti-europa\/"},"author":{"name":"Klaus Hauptfleisch","@id":"https:\/\/mybusinessfuture.com\/#\/schema\/person\/729f20381c77c9298a90716a1f127b62"},"headline":"IDC: la IA generativa impulsa los gastos de TI europeos","datePublished":"2026-03-30T15:23:03+00:00","dateModified":"2026-04-04T08:45:27+00:00","mainEntityOfPage":{"@id":"https:\/\/mybusinessfuture.com\/es\/ia-generativa-gastos-ti-europa\/"},"wordCount":578,"publisher":{"@id":"https:\/\/mybusinessfuture.com\/#organization"},"image":{"@id":"https:\/\/mybusinessfuture.com\/es\/ia-generativa-gastos-ti-europa\/#primaryimage"},"thumbnailUrl":"https:\/\/mybusinessfuture.com\/wp-content\/uploads\/2024\/11\/igor-omilaev-9wjtGixx6Ls-unsplash-scaled.jpg","articleSection":["IT &amp; Tech","IT &amp; Tech"],"inLanguage":"es"},{"@type":"WebPage","@id":"https:\/\/mybusinessfuture.com\/es\/ia-generativa-gastos-ti-europa\/","url":"https:\/\/mybusinessfuture.com\/es\/ia-generativa-gastos-ti-europa\/","name":"IA generativa: Impulsa gastos TI en Europa 2024","isPartOf":{"@id":"https:\/\/mybusinessfuture.com\/#website"},"primaryImageOfPage":{"@id":"https:\/\/mybusinessfuture.com\/es\/ia-generativa-gastos-ti-europa\/#primaryimage"},"image":{"@id":"https:\/\/mybusinessfuture.com\/es\/ia-generativa-gastos-ti-europa\/#primaryimage"},"thumbnailUrl":"https:\/\/mybusinessfuture.com\/wp-content\/uploads\/2024\/11\/igor-omilaev-9wjtGixx6Ls-unsplash-scaled.jpg","datePublished":"2026-03-30T15:23:03+00:00","dateModified":"2026-04-04T08:45:27+00:00","description":"Seg\u00fan IDC, los gastos de TI en Europa crecer\u00e1n un 30 % anual hasta 2028, liderados por la IA generativa y la ciberseguridad.","breadcrumb":{"@id":"https:\/\/mybusinessfuture.com\/es\/ia-generativa-gastos-ti-europa\/#breadcrumb"},"inLanguage":"es","potentialAction":[{"@type":"ReadAction","target":["https:\/\/mybusinessfuture.com\/es\/ia-generativa-gastos-ti-europa\/"]}]},{"@type":"ImageObject","inLanguage":"es","@id":"https:\/\/mybusinessfuture.com\/es\/ia-generativa-gastos-ti-europa\/#primaryimage","url":"https:\/\/mybusinessfuture.com\/wp-content\/uploads\/2024\/11\/igor-omilaev-9wjtGixx6Ls-unsplash-scaled.jpg","contentUrl":"https:\/\/mybusinessfuture.com\/wp-content\/uploads\/2024\/11\/igor-omilaev-9wjtGixx6Ls-unsplash-scaled.jpg","width":2560,"height":1920,"caption":"GenAI"},{"@type":"BreadcrumbList","@id":"https:\/\/mybusinessfuture.com\/es\/ia-generativa-gastos-ti-europa\/#breadcrumb","itemListElement":[{"@type":"ListItem","position":1,"name":"Startseite","item":"https:\/\/mybusinessfuture.com\/"},{"@type":"ListItem","position":2,"name":"IDC: la IA generativa impulsa los gastos de TI europeos"}]},{"@type":"WebSite","@id":"https:\/\/mybusinessfuture.com\/#website","url":"https:\/\/mybusinessfuture.com\/","name":"MyBusinessFuture","description":"B2B-Magazin f\u00fcr Digitalisierung, KI und Business-Innovation \u2014 Fachartikel f\u00fcr IT-Entscheider im DACH-Raum","publisher":{"@id":"https:\/\/mybusinessfuture.com\/#organization"},"potentialAction":[{"@type":"SearchAction","target":{"@type":"EntryPoint","urlTemplate":"https:\/\/mybusinessfuture.com\/?s={search_term_string}"},"query-input":{"@type":"PropertyValueSpecification","valueRequired":true,"valueName":"search_term_string"}}],"inLanguage":"es"},{"@type":"Organization","@id":"https:\/\/mybusinessfuture.com\/#organization","name":"MyBusinessFuture","url":"https:\/\/mybusinessfuture.com\/","logo":{"@type":"ImageObject","inLanguage":"es","@id":"https:\/\/mybusinessfuture.com\/#\/schema\/logo\/image\/","url":"https:\/\/mybusinessfuture.com\/wp-content\/uploads\/2020\/10\/MBF-logo-schwarz.png","contentUrl":"https:\/\/mybusinessfuture.com\/wp-content\/uploads\/2020\/10\/MBF-logo-schwarz.png","width":398,"height":241,"caption":"MyBusinessFuture"},"image":{"@id":"https:\/\/mybusinessfuture.com\/#\/schema\/logo\/image\/"},"sameAs":["https:\/\/www.facebook.com\/MyBusinessFuture","https:\/\/x.com\/mbusinessfuture","https:\/\/www.linkedin.com\/showcase\/mybusinessfuture\/"]},{"@type":"Person","@id":"https:\/\/mybusinessfuture.com\/#\/schema\/person\/729f20381c77c9298a90716a1f127b62","name":"Klaus Hauptfleisch","description":"Klaus Hauptfleisch ist erfahrener IT-Journalist und Fachredakteur bei MyBusinessFuture. Er berichtet \u00fcber Digitalisierung, IT-Trends und Business-Technologie.","url":"https:\/\/mybusinessfuture.com\/es\/experte\/klaus-hauptfleisch\/"}]}},"_links":{"self":[{"href":"https:\/\/mybusinessfuture.com\/es\/wp-json\/wp\/v2\/posts\/91785","targetHints":{"allow":["GET"]}}],"collection":[{"href":"https:\/\/mybusinessfuture.com\/es\/wp-json\/wp\/v2\/posts"}],"about":[{"href":"https:\/\/mybusinessfuture.com\/es\/wp-json\/wp\/v2\/types\/post"}],"author":[{"embeddable":true,"href":"https:\/\/mybusinessfuture.com\/es\/wp-json\/wp\/v2\/users\/207"}],"replies":[{"embeddable":true,"href":"https:\/\/mybusinessfuture.com\/es\/wp-json\/wp\/v2\/comments?post=91785"}],"version-history":[{"count":2,"href":"https:\/\/mybusinessfuture.com\/es\/wp-json\/wp\/v2\/posts\/91785\/revisions"}],"predecessor-version":[{"id":93639,"href":"https:\/\/mybusinessfuture.com\/es\/wp-json\/wp\/v2\/posts\/91785\/revisions\/93639"}],"wp:featuredmedia":[{"embeddable":true,"href":"https:\/\/mybusinessfuture.com\/es\/wp-json\/wp\/v2\/media\/85291"}],"wp:attachment":[{"href":"https:\/\/mybusinessfuture.com\/es\/wp-json\/wp\/v2\/media?parent=91785"}],"wp:term":[{"taxonomy":"category","embeddable":true,"href":"https:\/\/mybusinessfuture.com\/es\/wp-json\/wp\/v2\/categories?post=91785"},{"taxonomy":"post_tag","embeddable":true,"href":"https:\/\/mybusinessfuture.com\/es\/wp-json\/wp\/v2\/tags?post=91785"}],"curies":[{"name":"wp","href":"https:\/\/api.w.org\/{rel}","templated":true}]}}